{"id":46266,"date":"2025-10-14T06:37:15","date_gmt":"2025-10-14T06:37:15","guid":{"rendered":"https:\/\/zennihost.com\/test\/2025\/10\/14\/donald-trump-konfirmon-takimin-me-zelensky-ne-shtepine-e-bardhe-te-premten\/"},"modified":"2025-10-14T06:37:15","modified_gmt":"2025-10-14T06:37:15","slug":"donald-trump-konfirmon-takimin-me-zelensky-ne-shtepine-e-bardhe-te-premten","status":"publish","type":"post","link":"https:\/\/zennihost.com\/test\/2025\/10\/14\/donald-trump-konfirmon-takimin-me-zelensky-ne-shtepine-e-bardhe-te-premten\/","title":{"rendered":"Donald Trump konfirmon takimin me Zelensky n\u00eb Sht\u00ebpin\u00eb e Bardh\u00eb t\u00eb premten"},"content":{"rendered":"<p>Donald Trump konfirmoi t\u00eb h\u00ebn\u00ebn se do t\u00eb mir\u00ebpres\u00eb homologun e tij ukrainas Volodymyr Zelensky n\u00eb Sht\u00ebpin\u00eb e Bardh\u00eb t\u00eb premten. N\u00eb aeroplanin presidencial n\u00eb fluturimin e kthimit nga Lindja e Mesme, presidenti amerikan u p\u00ebrgjigj \u201cUn\u00eb besoj se po\u201d, kur u pyet nga nj\u00eb gazetar n\u00ebse do t\u00eb takohej t\u00eb premten n\u00eb Sht\u00ebpin\u00eb e Bardh\u00eb.<\/p>\n<p>Zelensky kishte njoftuar m\u00eb her\u00ebt dje se do t\u00eb udh\u00ebtonte p\u00ebr n\u00eb Uashington \u201ck\u00ebt\u00eb jav\u00eb\u201d. M\u00eb her\u00ebt, presidenti ukrainas tha se arm\u00ebpushimi i arritur n\u00eb Gaza me nd\u00ebrmjet\u00ebsimin e Donald Trump do t\u00eb jepte \u201cshpres\u00eb shtes\u00eb p\u00ebr paqe\u201d n\u00eb Ukrain\u00eb, ku udh\u00ebheq\u00ebsi amerikan aspiron gjithashtu t\u00eb luaj\u00eb nj\u00eb rol nd\u00ebrmjet\u00ebsues me Mosk\u00ebn.<\/p>\n<p>\u201cKur arrihet paqja n\u00eb nj\u00eb pjes\u00eb t\u00eb bot\u00ebs, kjo sjell shpres\u00eb m\u00eb t\u00eb madhe p\u00ebr paqe n\u00eb rajone t\u00eb tjera\u201d, tha Zelensky n\u00eb nj\u00eb postim n\u00eb Facebook.<\/p>\n<p>\u201cUdh\u00ebheqja dhe vendosm\u00ebria e aktor\u00ebve t\u00eb bashk\u00ebsis\u00eb nd\u00ebrkomb\u00ebtare sigurisht q\u00eb mund t\u00eb funksionojn\u00eb n\u00eb favorin ton\u00eb, edhe n\u00eb Ukrain\u00eb\u201d, shtoi ai, duke i atribuar dhe mir\u00ebpritur pik\u00ebrisht k\u00ebto cil\u00ebsi Donald Trump.<\/p>\n<p>The post <a href=\"https:\/\/lapsi.al\/2025\/10\/14\/donald-trump-konfirmon-takimin-me-zelensky-ne-shtepine-e-bardhe-te-premten\/\">Donald Trump konfirmon takimin me Zelensky n\u00eb Sht\u00ebpin\u00eb e Bardh\u00eb t\u00eb premten<\/a> appeared first on <a href=\"https:\/\/lapsi.al\/\">Lapsi.al<\/a>.<\/p>","protected":false},"excerpt":{"rendered":"<p>Donald Trump konfirmoi t\u00eb h\u00ebn\u00ebn se do t\u00eb mir\u00ebpres\u00eb homologun e tij ukrainas Volodymyr Zelensky n\u00eb Sht\u00ebpin\u00eb e Bardh\u00eb t\u00eb premten. N\u00eb aeroplanin presidencial n\u00eb fluturimin e kthimit nga Lindja e Mesme, presidenti amerikan u p\u00ebrgjigj \u201cUn\u00eb besoj se po\u201d, kur u pyet nga nj\u00eb gazetar n\u00ebse do t\u00eb takohej t\u00eb premten n\u00eb Sht\u00ebpin\u00eb e [&hellip;]<\/p>\n","protected":false},"author":0,"featured_media":0,"comment_status":"open","ping_status":"open","sticky":false,"template":"","format":"standard","meta":{"footnotes":""},"categories":[1],"tags":[],"class_list":["post-46266","post","type-post","status-publish","format-standard","hentry","category-uncategorized"],"_links":{"self":[{"href":"https:\/\/zennihost.com\/test\/wp-json\/wp\/v2\/posts\/46266","targetHints":{"allow":["GET"]}}],"collection":[{"href":"https:\/\/zennihost.com\/test\/wp-json\/wp\/v2\/posts"}],"about":[{"href":"https:\/\/zennihost.com\/test\/wp-json\/wp\/v2\/types\/post"}],"replies":[{"embeddable":true,"href":"https:\/\/zennihost.com\/test\/wp-json\/wp\/v2\/comments?post=46266"}],"version-history":[{"count":0,"href":"https:\/\/zennihost.com\/test\/wp-json\/wp\/v2\/posts\/46266\/revisions"}],"wp:attachment":[{"href":"https:\/\/zennihost.com\/test\/wp-json\/wp\/v2\/media?parent=46266"}],"wp:term":[{"taxonomy":"category","embeddable":true,"href":"https:\/\/zennihost.com\/test\/wp-json\/wp\/v2\/categories?post=46266"},{"taxonomy":"post_tag","embeddable":true,"href":"https:\/\/zennihost.com\/test\/wp-json\/wp\/v2\/tags?post=46266"}],"curies":[{"name":"wp","href":"https:\/\/api.w.org\/{rel}","templated":true}]}}