{"id":46262,"date":"2025-10-14T06:48:13","date_gmt":"2025-10-14T06:48:13","guid":{"rendered":"https:\/\/zennihost.com\/test\/2025\/10\/14\/rama-per-fitoren-e-kosoves-ndaj-suedise-miremengjes-me-flamurin-gjigand-qe-i-priu-kesaj-fitoreje-historike\/"},"modified":"2025-10-14T06:48:13","modified_gmt":"2025-10-14T06:48:13","slug":"rama-per-fitoren-e-kosoves-ndaj-suedise-miremengjes-me-flamurin-gjigand-qe-i-priu-kesaj-fitoreje-historike","status":"publish","type":"post","link":"https:\/\/zennihost.com\/test\/2025\/10\/14\/rama-per-fitoren-e-kosoves-ndaj-suedise-miremengjes-me-flamurin-gjigand-qe-i-priu-kesaj-fitoreje-historike\/","title":{"rendered":"Rama p\u00ebr fitoren e Kosov\u00ebs ndaj Suedis\u00eb: Mir\u00ebm\u00ebngjes me flamurin gjigand q\u00eb i priu k\u00ebsaj fitoreje historike"},"content":{"rendered":"<p>Kryeministri Edi Rama ka reaguar m\u00ebngjesin e sot\u00ebm pas fitores s\u00eb Komb\u00ebtares s\u00eb Kosov\u00ebs ndaj Suedis\u00eb n\u00eb ndeshjen e zhvilluar mbr\u00ebmjen e djeshme.<\/p>\n<p>P\u00ebrmes nj\u00eb postimi n\u00eb rrjetet sociale, Rama ka ndar\u00eb nj\u00eb fotografi t\u00eb nj\u00eb flamuri gjigand kuq e zi, duke e cil\u00ebsuar suksesin si nj\u00eb fitore historike p\u00ebr Kosov\u00ebn.<\/p>\n<p>\u201cMIR\u00cbM\u00cbNGJES  dhe me flamurin gjigand q\u00eb i priu mbr\u00ebm\u00eb fitores historike t\u00eb Kosov\u00ebs n\u00eb fush\u00ebn e Suedis\u00eb, ju uroj nj\u00eb dit\u00eb t\u00eb mbar\u00eb \u201d, shkruan Rama n\u00eb postim.<\/p>\n<p>Fitorja e Kosov\u00ebs ndaj Suedis\u00eb \u00ebsht\u00eb pritur me entuziaz\u00ebm nga tifoz\u00ebt dhe p\u00ebrfaq\u00ebsues t\u00eb institucioneve shqiptare.<\/p>\n<p>The post <a href=\"https:\/\/lexo.al\/2025\/10\/rama-per-fitoren-e-kosoves-ndaj-suedise-miremengjes-me-flamurin-gjigand-qe-i-priu-kesaj-fitoreje-historike\/\">Rama p\u00ebr fitoren e Kosov\u00ebs ndaj Suedis\u00eb: Mir\u00ebm\u00ebngjes me flamurin gjigand q\u00eb i priu k\u00ebsaj fitoreje historike<\/a> appeared first on <a href=\"https:\/\/lexo.al\/\">www.lexo.al<\/a>.<\/p>","protected":false},"excerpt":{"rendered":"<p>Kryeministri Edi Rama ka reaguar m\u00ebngjesin e sot\u00ebm pas fitores s\u00eb Komb\u00ebtares s\u00eb Kosov\u00ebs ndaj Suedis\u00eb n\u00eb ndeshjen e zhvilluar mbr\u00ebmjen e djeshme. P\u00ebrmes nj\u00eb postimi n\u00eb rrjetet sociale, Rama ka ndar\u00eb nj\u00eb fotografi t\u00eb nj\u00eb flamuri gjigand kuq e zi, duke e cil\u00ebsuar suksesin si nj\u00eb fitore historike p\u00ebr Kosov\u00ebn. \u201cMIR\u00cbM\u00cbNGJES dhe me flamurin [&hellip;]<\/p>\n","protected":false},"author":0,"featured_media":0,"comment_status":"open","ping_status":"open","sticky":false,"template":"","format":"standard","meta":{"footnotes":""},"categories":[1],"tags":[],"class_list":["post-46262","post","type-post","status-publish","format-standard","hentry","category-uncategorized"],"_links":{"self":[{"href":"https:\/\/zennihost.com\/test\/wp-json\/wp\/v2\/posts\/46262","targetHints":{"allow":["GET"]}}],"collection":[{"href":"https:\/\/zennihost.com\/test\/wp-json\/wp\/v2\/posts"}],"about":[{"href":"https:\/\/zennihost.com\/test\/wp-json\/wp\/v2\/types\/post"}],"replies":[{"embeddable":true,"href":"https:\/\/zennihost.com\/test\/wp-json\/wp\/v2\/comments?post=46262"}],"version-history":[{"count":0,"href":"https:\/\/zennihost.com\/test\/wp-json\/wp\/v2\/posts\/46262\/revisions"}],"wp:attachment":[{"href":"https:\/\/zennihost.com\/test\/wp-json\/wp\/v2\/media?parent=46262"}],"wp:term":[{"taxonomy":"category","embeddable":true,"href":"https:\/\/zennihost.com\/test\/wp-json\/wp\/v2\/categories?post=46262"},{"taxonomy":"post_tag","embeddable":true,"href":"https:\/\/zennihost.com\/test\/wp-json\/wp\/v2\/tags?post=46262"}],"curies":[{"name":"wp","href":"https:\/\/api.w.org\/{rel}","templated":true}]}}