{"id":46258,"date":"2025-10-14T05:31:22","date_gmt":"2025-10-14T05:31:22","guid":{"rendered":"https:\/\/zennihost.com\/test\/2025\/10\/14\/vjelja-e-ullirit-ne-2025-nis-me-prodhim-me-te-ulet-pritet-deri-ne-50-me-pak\/"},"modified":"2025-10-14T05:31:22","modified_gmt":"2025-10-14T05:31:22","slug":"vjelja-e-ullirit-ne-2025-nis-me-prodhim-me-te-ulet-pritet-deri-ne-50-me-pak","status":"publish","type":"post","link":"https:\/\/zennihost.com\/test\/2025\/10\/14\/vjelja-e-ullirit-ne-2025-nis-me-prodhim-me-te-ulet-pritet-deri-ne-50-me-pak\/","title":{"rendered":"Vjelja e ullirit n\u00eb 2025 nis me prodhim m\u00eb t\u00eb ul\u00ebt, pritet deri n\u00eb 50% m\u00eb pak"},"content":{"rendered":"<p>N\u00eb disa zona t\u00eb Beratit ka nisur vjelja e ullirit, nd\u00ebrsa pritet t\u00eb filloj\u00eb s\u00eb shpejti edhe n\u00eb fshatra t\u00eb tjer\u00eb. N\u00eb Elbasan vjelja pritet t\u00eb nis\u00eb nga fillimi i muajit n\u00ebntor.<\/p>\n<p>Megjithat\u00eb, kjo faz\u00eb e par\u00eb e sezonit shoq\u00ebrohet me sinjalizime p\u00ebr nj\u00eb ulje t\u00eb ndjeshme t\u00eb prodhimit, krahasuar me vitin e kaluar.<\/p>\n<p>Grumbullues dhe p\u00ebrpunues t\u00eb ullirit n\u00eb zonat e Beratit dhe Elbasanit pohojn\u00eb se prodhimi i ullirit si kok\u00ebrr p\u00ebr konsum t\u00eb drejtp\u00ebrdrejt\u00eb, ashtu edhe p\u00ebr p\u00ebrpunim n\u00eb vaj, rezulton m\u00eb i ul\u00ebt se n\u00eb vitin 2024. Deri n\u00eb fund t\u00eb sezonit, pritet q\u00eb sasia e grumbulluar t\u00eb jet\u00eb 30 deri 40% m\u00eb pak.<\/p>\n<p>Kastrijot \u00c7uedari, p\u00ebrpunues nga Berati, thot\u00eb se kjo r\u00ebnie vjen si pasoj\u00eb e temperaturave t\u00eb larta gjat\u00eb ver\u00ebs, t\u00eb cilat u shtrin\u00eb edhe n\u00eb vjesht\u00eb, duke ndikuar negativisht n\u00eb zhvillimin e fryteve.<\/p>\n<p>N\u00eb zon\u00ebn e Cakranit, Taulant Musaraj pohon se prodhimi mund t\u00eb jet\u00eb 40 deri n\u00eb 50% m\u00eb i ul\u00ebt krahasuar me sezonin tetor-n\u00ebntor 2024, p\u00ebr t\u00eb nj\u00ebjtat arsye klimaterike. Disa fermer\u00eb n\u00eb k\u00ebt\u00eb zon\u00eb kan\u00eb nisur vjeljen e prodhimit sipas tij.<\/p>\n<p>Agron \u00c7akalli, nga Federata Bujq\u00ebsore Elbasan, shton se ndikim kan\u00eb pasur edhe cikli biologjik natyror i ullirit, ulja e sh\u00ebrbimeve agroteknike p\u00ebr shkak t\u00eb munges\u00ebs s\u00eb mjeteve financiare, si dhe pak\u00ebsimi i numrit t\u00eb fermer\u00ebve, p\u00ebr shkak t\u00eb emigracionit.<\/p>\n<p>Silvana Subashi thot\u00eb se pavar\u00ebsisht sasis\u00eb m\u00eb t\u00eb pak\u00ebt q\u00eb pritet sivjet cil\u00ebsia dhe rendimenti pritet t\u00eb jet\u00eb m\u00eb i mir\u00eb sesa vjet, duke ofruar nj\u00eb mund\u00ebsi m\u00eb t\u00eb mir\u00eb p\u00ebr prodhimin e vajit ekstra t\u00eb virgj\u00ebr.<\/p>\n<p>Por n\u00eb 26 vite, sipas t\u00eb dh\u00ebnave t\u00eb INSTAT nga 1998 deri n\u00eb 2024 rezulton se ulliri ka pasur luhatje t\u00eb ndjeshme si n\u00eb prodhim dhe n\u00eb rendiment.<\/p>\n<p>N\u00eb harkun e 3 dekadave sasia m\u00eb e lart\u00eb e prodhuar u arrit n\u00eb 2022. N\u00eb k\u00ebt\u00eb vit u prodhuan 157,7 mij\u00eb ton ullinj me rritje 43% krahasuar me vitin paraardh\u00ebs. Rendimenti i prodhimit ishte 17.2 kv\/ha apo 4.7 kv p\u00ebr ha m\u00eb shum\u00eb sesa n\u00eb 2022.<\/p>\n<p>P\u00ebrve\u00e7 2022 sasia e lart\u00eb e prodhimit t\u00eb ullinjve \u00ebsht\u00eb arritur edhe n\u00eb 2012, sidomos pas masave p\u00ebr subvencione t\u00eb marra nga qeveria nga viti 2009 deri n\u00eb vitin 2013. N\u00eb 2012 u prodhuan 108 mij\u00eb ton ullinj, me rritje 65% krahasuar me 2011.<\/p>\n<p>N\u00eb 2023 sasia e prodhuar e ullinjve arriti n\u00eb 117,6 ton ullinj. Krahasuar me 2022 prodhimi i ullinjve ra 25%. R\u00ebnie sh\u00ebnoi edhe rendimenti i prodhimit me 4.8 kv p\u00ebr ha n\u00eb 2023 n\u00eb raport me vitin 2022.<\/p>\n<p>N\u00eb 2024 sipas t\u00eb dh\u00ebnave t\u00eb INSTAT u prodhuan 146,7 mij\u00eb ton ullinj. Krahasuar me 2023 sasi e prodhimit u rrit rreth 25%.<\/p>\n<p>N\u00eb 2024 rendimenti i prodhimit t\u00eb ullirit arriti 15.2 kv\/ha. N\u00eb raport me 2023 rendimenti ishte me r\u00ebnie 2.8 kv\/ha.\/ Monitor<\/p>\n<p>The post <a href=\"https:\/\/lapsi.al\/2025\/10\/14\/vjelja-e-ullirit-ne-2025-nis-me-prodhim-me-te-ulet-pritet-deri-ne-50-me-pak\/\">Vjelja e ullirit n\u00eb 2025 nis me prodhim m\u00eb t\u00eb ul\u00ebt, pritet deri n\u00eb 50% m\u00eb pak<\/a> appeared first on <a href=\"https:\/\/lapsi.al\/\">Lapsi.al<\/a>.<\/p>","protected":false},"excerpt":{"rendered":"<p>N\u00eb disa zona t\u00eb Beratit ka nisur vjelja e ullirit, nd\u00ebrsa pritet t\u00eb filloj\u00eb s\u00eb shpejti edhe n\u00eb fshatra t\u00eb tjer\u00eb. N\u00eb Elbasan vjelja pritet t\u00eb nis\u00eb nga fillimi i muajit n\u00ebntor. Megjithat\u00eb, kjo faz\u00eb e par\u00eb e sezonit shoq\u00ebrohet me sinjalizime p\u00ebr nj\u00eb ulje t\u00eb ndjeshme t\u00eb prodhimit, krahasuar me vitin e kaluar. Grumbullues [&hellip;]<\/p>\n","protected":false},"author":0,"featured_media":0,"comment_status":"open","ping_status":"open","sticky":false,"template":"","format":"standard","meta":{"footnotes":""},"categories":[1],"tags":[],"class_list":["post-46258","post","type-post","status-publish","format-standard","hentry","category-uncategorized"],"_links":{"self":[{"href":"https:\/\/zennihost.com\/test\/wp-json\/wp\/v2\/posts\/46258","targetHints":{"allow":["GET"]}}],"collection":[{"href":"https:\/\/zennihost.com\/test\/wp-json\/wp\/v2\/posts"}],"about":[{"href":"https:\/\/zennihost.com\/test\/wp-json\/wp\/v2\/types\/post"}],"replies":[{"embeddable":true,"href":"https:\/\/zennihost.com\/test\/wp-json\/wp\/v2\/comments?post=46258"}],"version-history":[{"count":0,"href":"https:\/\/zennihost.com\/test\/wp-json\/wp\/v2\/posts\/46258\/revisions"}],"wp:attachment":[{"href":"https:\/\/zennihost.com\/test\/wp-json\/wp\/v2\/media?parent=46258"}],"wp:term":[{"taxonomy":"category","embeddable":true,"href":"https:\/\/zennihost.com\/test\/wp-json\/wp\/v2\/categories?post=46258"},{"taxonomy":"post_tag","embeddable":true,"href":"https:\/\/zennihost.com\/test\/wp-json\/wp\/v2\/tags?post=46258"}],"curies":[{"name":"wp","href":"https:\/\/api.w.org\/{rel}","templated":true}]}}