{"id":46257,"date":"2025-10-14T05:35:16","date_gmt":"2025-10-14T05:35:16","guid":{"rendered":"https:\/\/zennihost.com\/test\/2025\/10\/14\/ministri-i-jashtem-gjerman-palestinezet-duhet-te-heqin-dore-nga-hamasi\/"},"modified":"2025-10-14T05:35:16","modified_gmt":"2025-10-14T05:35:16","slug":"ministri-i-jashtem-gjerman-palestinezet-duhet-te-heqin-dore-nga-hamasi","status":"publish","type":"post","link":"https:\/\/zennihost.com\/test\/2025\/10\/14\/ministri-i-jashtem-gjerman-palestinezet-duhet-te-heqin-dore-nga-hamasi\/","title":{"rendered":"Ministri i Jasht\u00ebm gjerman: Palestinez\u00ebt duhet t\u00eb heqin dor\u00eb nga Hamasi"},"content":{"rendered":"<p>Ministri i Jasht\u00ebm gjerman Johannes Vandeful tha von\u00eb t\u00eb h\u00ebn\u00ebn se nuk e ndante plot\u00ebsisht euforin\u00eb e Presidentit t\u00eb SHBA-s\u00eb Donald Trump p\u00ebr situat\u00ebn n\u00eb Lindjen e Mesme dhe theksoi se ishte e r\u00ebnd\u00ebsishme q\u00eb Hamasi t\u00eb \u00e7armatoset dhe q\u00eb vet\u00eb palestinez\u00ebt ta heqin dor\u00eb prej tij.<\/p>\n<p>\u201cFundi i p\u00ebrkohsh\u00ebm\u201d i konfliktit \u00ebsht\u00eb megjithat\u00eb nj\u00eb ngjarje historike dhe dje ishte nj\u00eb dit\u00eb g\u00ebzimi, tha Vandeful n\u00eb nj\u00eb intervist\u00eb me transmetuesin publik gjerman ARD, duke shtuar se ishte m\u00eb shum\u00eb se nj\u00eb arm\u00ebpushim. \u201cMbi t\u00eb gjitha, \u00ebsht\u00eb e r\u00ebnd\u00ebsishme q\u00eb shtetet n\u00eb rajon t\u00eb jen\u00eb t\u00eb p\u00ebrkushtuara p\u00ebr bashk\u00ebjetes\u00eb paq\u00ebsore. \u201cP\u00ebr her\u00eb t\u00eb par\u00eb, Izraeli dhe fqinj\u00ebt e tij n\u00eb thelb donin t\u00eb nj\u00ebjt\u00ebn gj\u00eb, por ishte nj\u00eb proces shum\u00eb i v\u00ebshtir\u00eb dhe, n\u00ebse kjo do t\u00eb zhvillohet n\u00eb paqe, ka ende shum\u00eb pun\u00eb p\u00ebr t\u00eb b\u00ebr\u00eb dhe t\u00eb gjith\u00eb kemi sfida p\u00ebrpara\u201d,\u00a0 shtoi Ministri i Jasht\u00ebm gjerman dhe theksoi:<\/p>\n<p>\u201cTani \u00ebsht\u00eb e r\u00ebnd\u00ebsishme q\u00eb Hamasi t\u00eb \u00e7armatoset dhe t\u00eb mos ket\u00eb m\u00eb nj\u00eb z\u00eb politik n\u00eb t\u00eb ardhmen. P\u00ebr ta arritur k\u00ebt\u00eb, palestinez\u00ebt duhet ta heqin dor\u00eb nga kjo organizat\u00eb. N\u00ebse terrorizmi vazhdon t\u00eb mbizot\u00ebroj\u00eb atje, si\u00e7 \u00ebsht\u00eb tani, nuk do t\u00eb ket\u00eb t\u00eb ardhme t\u00eb mir\u00eb p\u00ebr palestinez\u00ebt n\u00eb Rripin e Gaz\u00ebs. Tani ata duhet t\u00eb emancipohen dhe t\u00eb heqin dor\u00eb nga terrorizmi.\u201d<\/p>\n<p>Hamasi \u201cdo t\u00eb thot\u00eb terroriz\u00ebm i past\u00ebr\u201d, theksoi Vandeful, duke paralajm\u00ebruar se nuk ka perspektiv\u00eb p\u00ebr t\u00eb ardhmen p\u00ebr ata q\u00eb jan\u00eb t\u00eb shtyr\u00eb drejt radikalizmit, nd\u00ebrsa foli p\u00ebr \u201cdetyr\u00ebn e palestinez\u00ebve p\u00ebr t\u2019u distancuar\u201d nga kjo organizat\u00eb dhe p\u00ebr t\u00eb gjetur nj\u00eb form\u00eb t\u00eb re bashk\u00ebpunimi, \u201cn\u00eb m\u00ebnyr\u00eb q\u00eb ata t\u00eb ken\u00eb mund\u00ebsin\u00eb q\u00eb nj\u00eb dit\u00eb t\u00eb ken\u00eb shtetin e tyre\u201d.<\/p>\n<p>The post <a href=\"https:\/\/lapsi.al\/2025\/10\/14\/ministri-i-jashtem-gjerman-palestinezet-duhet-te-heqin-dore-nga-hamasi\/\">Ministri i Jasht\u00ebm gjerman: Palestinez\u00ebt duhet t\u00eb heqin dor\u00eb nga Hamasi<\/a> appeared first on <a href=\"https:\/\/lapsi.al\/\">Lapsi.al<\/a>.<\/p>","protected":false},"excerpt":{"rendered":"<p>Ministri i Jasht\u00ebm gjerman Johannes Vandeful tha von\u00eb t\u00eb h\u00ebn\u00ebn se nuk e ndante plot\u00ebsisht euforin\u00eb e Presidentit t\u00eb SHBA-s\u00eb Donald Trump p\u00ebr situat\u00ebn n\u00eb Lindjen e Mesme dhe theksoi se ishte e r\u00ebnd\u00ebsishme q\u00eb Hamasi t\u00eb \u00e7armatoset dhe q\u00eb vet\u00eb palestinez\u00ebt ta heqin dor\u00eb prej tij. \u201cFundi i p\u00ebrkohsh\u00ebm\u201d i konfliktit \u00ebsht\u00eb megjithat\u00eb nj\u00eb [&hellip;]<\/p>\n","protected":false},"author":0,"featured_media":0,"comment_status":"open","ping_status":"open","sticky":false,"template":"","format":"standard","meta":{"footnotes":""},"categories":[1],"tags":[],"class_list":["post-46257","post","type-post","status-publish","format-standard","hentry","category-uncategorized"],"_links":{"self":[{"href":"https:\/\/zennihost.com\/test\/wp-json\/wp\/v2\/posts\/46257","targetHints":{"allow":["GET"]}}],"collection":[{"href":"https:\/\/zennihost.com\/test\/wp-json\/wp\/v2\/posts"}],"about":[{"href":"https:\/\/zennihost.com\/test\/wp-json\/wp\/v2\/types\/post"}],"replies":[{"embeddable":true,"href":"https:\/\/zennihost.com\/test\/wp-json\/wp\/v2\/comments?post=46257"}],"version-history":[{"count":0,"href":"https:\/\/zennihost.com\/test\/wp-json\/wp\/v2\/posts\/46257\/revisions"}],"wp:attachment":[{"href":"https:\/\/zennihost.com\/test\/wp-json\/wp\/v2\/media?parent=46257"}],"wp:term":[{"taxonomy":"category","embeddable":true,"href":"https:\/\/zennihost.com\/test\/wp-json\/wp\/v2\/categories?post=46257"},{"taxonomy":"post_tag","embeddable":true,"href":"https:\/\/zennihost.com\/test\/wp-json\/wp\/v2\/tags?post=46257"}],"curies":[{"name":"wp","href":"https:\/\/api.w.org\/{rel}","templated":true}]}}