{"id":46248,"date":"2025-10-13T21:07:19","date_gmt":"2025-10-13T21:07:19","guid":{"rendered":"https:\/\/zennihost.com\/test\/2025\/10\/13\/trump-iken-nga-egjipti-tani-ska-me-justifikime-me-gazen-dhe-iranin\/"},"modified":"2025-10-13T21:07:19","modified_gmt":"2025-10-13T21:07:19","slug":"trump-iken-nga-egjipti-tani-ska-me-justifikime-me-gazen-dhe-iranin","status":"publish","type":"post","link":"https:\/\/zennihost.com\/test\/2025\/10\/13\/trump-iken-nga-egjipti-tani-ska-me-justifikime-me-gazen-dhe-iranin\/","title":{"rendered":"Trump ik\u00ebn nga Egjipti: Tani s\u2019ka m\u00eb justifikime me Gaz\u00ebn dhe Iranin"},"content":{"rendered":"<p><span>Presidenti i SHBA-s\u00eb Donald Trump tha n\u00eb fjalimin e tij n\u00eb samitin e Egjiptit mbi Gaz\u00ebn se udh\u00ebheq\u00ebsit bot\u00ebror\u00eb jan\u00eb mbledhur p\u00ebr t\u00eb festuar jo vet\u00ebm fundin e luft\u00ebs n\u00eb Gaza, por edhe fillimin e nj\u00eb \u201cLindjeje t\u00eb Mesme t\u00eb bukur\u201d t\u00eb re.<\/span><\/p>\n<p><span>\u201cNga ky moment e tutje, ne mund t\u00eb nd\u00ebrtojm\u00eb nj\u00eb rajon t\u00eb fort\u00eb, t\u00eb q\u00ebndruesh\u00ebm, t\u00eb begat\u00eb dhe t\u00eb bashkuar duke refuzuar rrug\u00ebn e terrorit nj\u00eb her\u00eb e p\u00ebrgjithmon\u00eb\u201d, tha Trump.<\/span><\/p>\n<p><span>Ai tha se \u201cvrapimi p\u00ebrfundimtar\u201d drejt marr\u00ebveshjes q\u00eb i dha fund luft\u00ebs n\u00eb Gaza filloi n\u00eb margjinat e Asambles\u00eb s\u00eb P\u00ebrgjithshme t\u00eb OKB-s\u00eb n\u00eb fund t\u00eb muajit t\u00eb kaluar, kur ai u takua me udh\u00ebheq\u00ebsit e 8 vendeve arabe dhe myslimane, disa prej t\u00eb cil\u00ebve \u201cnuk m\u00eb p\u00eblqejn\u00eb ve\u00e7an\u00ebrisht\u201d.<\/span><\/p>\n<p><span>\u201cNe d\u00ebgjuam dhe shk\u00ebmbyem ide, dhe vazhduam t\u00eb shtynim p\u00ebrpara derisa puna u krye\u201d, tha Trump. \u201cHapat e par\u00eb drejt paqes jan\u00eb gjithmon\u00eb m\u00eb t\u00eb v\u00ebshtir\u00ebt, dhe sot, i kemi b\u00ebr\u00eb s\u00eb bashku.<\/span><\/p>\n<p><span>\u201cSapo kam ardhur nga Izraeli, ishte nj\u00eb dit\u00eb e mrekullueshme p\u00ebr t\u00eb par\u00eb pengjet q\u00eb hynin\u201d, vazhdon ai. \u201cPopulli izraelit \u00ebsht\u00eb i g\u00ebzuar q\u00eb lufta ka mbaruar. Shum\u00eb prej jush kan\u00eb pasur vall\u00ebzime n\u00eb rrug\u00eb\u201d.<br \/>\n<\/span><br \/>\n<span>\u201cShpresoj q\u00eb t\u00eb gjith\u00eb do t\u2019i bashkohen Marr\u00ebveshjeve t\u00eb Abrahamit\u2026 Tani, shum\u00eb njer\u00ebz, edhe sot, po flasin p\u00ebr bashkimin e t\u00eb gjith\u00ebve. Shum\u00eb njer\u00ebz m\u00eb kan\u00eb folur p\u00ebr k\u00ebt\u00eb dhe do t\u00eb jet\u00eb nj\u00eb homazh i madh p\u00ebr Shtetet e Bashkuara\u201d, thot\u00eb Trump.<\/span><\/p>\n<p><span>Vendet q\u00eb tashm\u00eb jan\u00eb bashkuar jan\u00eb \u201ct\u00eb pasura\u201d, thot\u00eb Trump, duke iu referuar me sa duket Emirateve t\u00eb Bashkuara Arabe, Bahreinit dhe Marokut, t\u00eb cilat kan\u00eb nivele t\u00eb ndryshme pasurie.<\/span><\/p>\n<p><span>\u201cShpresoj q\u00eb t\u00eb gjith\u00eb tani po bashkohen. Tani nuk kemi m\u00eb justifikime. Nuk kemi nj\u00eb Gaz\u00eb dhe nuk kemi nj\u00eb Iran si justifikim\u201d, tha Trump, duke iu referuar duket sulmit amerikan ndaj vendeve b\u00ebrthamore t\u00eb Iranit, t\u00eb cilin ai pohon se \u201ce zhduku plot\u00ebsisht\u201d programin.<\/span><\/p>\n<p><span>\u201cI gjith\u00eb momenti tani \u00ebsht\u00eb drejt nj\u00eb paqeje t\u00eb madhe, t\u00eb lavdishme dhe t\u00eb q\u00ebndrueshme\u201d, vazhdoi Trump. \u201cAngazhimi yn\u00eb p\u00ebr t\u00eb p\u00ebrmbushur planin 20-pik\u00ebsh q\u00eb zhvilluam s\u00eb bashku do t\u00eb jet\u00eb themeli p\u00ebr arritjen e asaj t\u00eb ardhmeje t\u00eb ndritur\u201d \u2013 nj\u00eb referenc\u00eb p\u00ebr planin e tij q\u00eb parashikon krijimin e nj\u00eb rruge drejt nj\u00eb shteti t\u00eb ardhsh\u00ebm palestinez.<\/span><\/p>\n<p><span>Trump tha se plani i tij prej 20 pikash p\u00ebr Gaz\u00ebn \u00ebsht\u00eb duke u p\u00ebrpunuar dhe se disa nga udh\u00ebheq\u00ebsit e pranish\u00ebm do t\u00eb em\u00ebrohen n\u00eb Bordin e Paqes, i cili ka p\u00ebr detyr\u00eb t\u00eb mbik\u00ebqyr\u00eb qeverin\u00eb kalimtare t\u00eb teknokrat\u00ebve palestinez\u00eb q\u00eb \u00ebsht\u00eb planifikuar t\u00eb administroj\u00eb Gaz\u00ebn pas luft\u00ebs.<\/span><\/p>\n<p><span>\u201cT\u00eb gjith\u00eb duan t\u00eb jen\u00eb n\u00eb bordin e paqes. Ata m\u00eb than\u00eb: \u2018A do t\u00eb ishe ti kryetar?\u2019 Un\u00eb thash\u00eb: \u2018Edhe un\u00eb jam shum\u00eb i z\u00ebn\u00eb. Por \u00e7far\u00ebdo q\u00eb mund t\u00eb b\u00ebjm\u00eb p\u00ebr t\u00eb pasur paqe n\u00eb Lindjen e Mesme, ia vlen\u2019\u201d, tha me shaka Trump.<\/span><\/p>\n<p><span>\u201cP\u00ebr popullin e Gaz\u00ebs, fokusi tani duhet t\u00eb jet\u00eb n\u00eb rivendosjen e bazave t\u00eb nj\u00eb jete t\u00eb mir\u00eb. Do t\u00eb kemi shum\u00eb para q\u00eb do t\u00eb hyjn\u00eb n\u00eb Gaz\u00eb dhe shum\u00eb rind\u00ebrtim\u201d, vazhdoi Trump. \u201cJam i k\u00ebnaqur t\u00eb njoftoj se shum\u00eb vende me pasuri, fuqi dhe dinjitet t\u00eb madh m\u00eb kan\u00eb ardhur sot dhe gjat\u00eb jav\u00ebs s\u00eb kaluar p\u00ebr t\u00eb th\u00ebn\u00eb se duan t\u00eb ndihmojn\u00eb n\u00eb rind\u00ebrtimin e Gaz\u00ebs.\u201d<\/span><\/p>\n<p><span>\u201cTeksa b\u00ebhen k\u00ebto angazhime, do ta njoftoj bot\u00ebn se kush po e b\u00ebn k\u00ebt\u00eb, sepse ata me t\u00eb v\u00ebrtet\u00eb meritojn\u00eb shum\u00eb vler\u00ebsime.\u201d<\/span><\/p>\n<p><span>\u201cNe t\u00eb gjith\u00eb kemi r\u00ebn\u00eb dakord q\u00eb mb\u00ebshtetja e Gaz\u00ebs duhet t\u00eb b\u00ebhet p\u00ebr t\u00eb ngritur vet\u00eb njer\u00ebzit, por ne nuk duam t\u00eb financojm\u00eb asgj\u00eb q\u00eb ka t\u00eb b\u00ebj\u00eb me gjakderdhjen, urrejtjen apo terrorin, si\u00e7 ka ndodhur n\u00eb t\u00eb kaluar\u00ebn\u201d, thot\u00eb Trump.<\/span><\/p>\n<p><span>\u201cNe gjithashtu kemi r\u00ebn\u00eb dakord q\u00eb rind\u00ebrtimi i Gaz\u00ebs k\u00ebrkon q\u00eb ajo t\u00eb \u00e7militarizohet dhe q\u00eb nj\u00eb forc\u00eb e re dhe e ndershme policore civile duhet t\u00eb lejohet t\u00eb krijoj\u00eb kushte t\u00eb sigurta p\u00ebr njer\u00ebzit n\u00eb Gaza.\u201d<\/span><\/p>\n<p><span>\u201cKjo \u00ebsht\u00eb hera e par\u00eb q\u00eb kriza e Lindjes s\u00eb Mesme i ka bashkuar njer\u00ebzit, n\u00eb vend q\u00eb t\u2019i ndaj\u00eb ata\u201d, thot\u00eb ai.<\/span><\/p>\n<p><span>Trump i p\u00ebrfundoi komentet e tij dhe i k\u00ebrkoi shtypit t\u00eb largohet nga dhoma n\u00eb m\u00ebnyr\u00eb q\u00eb t\u00eb mund t\u2019u thot\u00eb disa fjal\u00eb privatisht udh\u00ebheq\u00ebsve.<\/span><\/p>\n<p><span>Me sa duket, duke menduar se kamerat jan\u00eb fikur, ai i fal\u00ebnderoi p\u00ebrs\u00ebri t\u00eb gjith\u00eb q\u00eb erdh\u00ebn.<\/span><\/p>\n<p><span>\u201cDo t\u00eb nxjerrim disa emra. N\u00ebse doni t\u00eb p\u00ebrfshiheni n\u00eb Bordin e Paqes, do t\u00eb na njoftoni\u201d, tha Trump. <strong>\/LAPSI.al<\/strong><\/span><\/p>\n<p>The post <a href=\"https:\/\/lapsi.al\/2025\/10\/13\/trump-iken-nga-egjipti-tani-ska-me-justifikime-me-gazen-dhe-iranin\/\">Trump ik\u00ebn nga Egjipti: Tani s\u2019ka m\u00eb justifikime me Gaz\u00ebn dhe Iranin<\/a> appeared first on <a href=\"https:\/\/lapsi.al\/\">Lapsi.al<\/a>.<\/p>","protected":false},"excerpt":{"rendered":"<p>Presidenti i SHBA-s\u00eb Donald Trump tha n\u00eb fjalimin e tij n\u00eb samitin e Egjiptit mbi Gaz\u00ebn se udh\u00ebheq\u00ebsit bot\u00ebror\u00eb jan\u00eb mbledhur p\u00ebr t\u00eb festuar jo vet\u00ebm fundin e luft\u00ebs n\u00eb Gaza, por edhe fillimin e nj\u00eb \u201cLindjeje t\u00eb Mesme t\u00eb bukur\u201d t\u00eb re. \u201cNga ky moment e tutje, ne mund t\u00eb nd\u00ebrtojm\u00eb nj\u00eb rajon t\u00eb [&hellip;]<\/p>\n","protected":false},"author":0,"featured_media":46249,"comment_status":"open","ping_status":"open","sticky":false,"template":"","format":"standard","meta":{"footnotes":""},"categories":[1],"tags":[],"class_list":["post-46248","post","type-post","status-publish","format-standard","has-post-thumbnail","hentry","category-uncategorized"],"_links":{"self":[{"href":"https:\/\/zennihost.com\/test\/wp-json\/wp\/v2\/posts\/46248","targetHints":{"allow":["GET"]}}],"collection":[{"href":"https:\/\/zennihost.com\/test\/wp-json\/wp\/v2\/posts"}],"about":[{"href":"https:\/\/zennihost.com\/test\/wp-json\/wp\/v2\/types\/post"}],"replies":[{"embeddable":true,"href":"https:\/\/zennihost.com\/test\/wp-json\/wp\/v2\/comments?post=46248"}],"version-history":[{"count":0,"href":"https:\/\/zennihost.com\/test\/wp-json\/wp\/v2\/posts\/46248\/revisions"}],"wp:featuredmedia":[{"embeddable":true,"href":"https:\/\/zennihost.com\/test\/wp-json\/wp\/v2\/media\/46249"}],"wp:attachment":[{"href":"https:\/\/zennihost.com\/test\/wp-json\/wp\/v2\/media?parent=46248"}],"wp:term":[{"taxonomy":"category","embeddable":true,"href":"https:\/\/zennihost.com\/test\/wp-json\/wp\/v2\/categories?post=46248"},{"taxonomy":"post_tag","embeddable":true,"href":"https:\/\/zennihost.com\/test\/wp-json\/wp\/v2\/tags?post=46248"}],"curies":[{"name":"wp","href":"https:\/\/api.w.org\/{rel}","templated":true}]}}