{"id":46242,"date":"2025-10-13T21:48:27","date_gmt":"2025-10-13T21:48:27","guid":{"rendered":"https:\/\/zennihost.com\/test\/2025\/10\/13\/video-kosova-pritet-ne-suedi-si-shqiperi-banderole-gjigante-me-flamurin-e-kuq\/"},"modified":"2025-10-13T21:48:27","modified_gmt":"2025-10-13T21:48:27","slug":"video-kosova-pritet-ne-suedi-si-shqiperi-banderole-gjigante-me-flamurin-e-kuq","status":"publish","type":"post","link":"https:\/\/zennihost.com\/test\/2025\/10\/13\/video-kosova-pritet-ne-suedi-si-shqiperi-banderole-gjigante-me-flamurin-e-kuq\/","title":{"rendered":"VIDEO\/ Kosova pritet n\u00eb Suedi si Shqip\u00ebri, banderol\u00eb gjigante me flamurin e kuq"},"content":{"rendered":"<p>Kosova e nisi ndeshjen ndaj Suedis\u00eb n\u00eb Goteborg, duke d\u00ebgjuar Himnin e saj t\u00eb Flamurit, por duke par\u00eb ngjyrat kuqezi n\u00eb tribuna.<\/p>\n<p>P\u00ebrfaq\u00ebsuesja e Kosov\u00ebs, ndryshe nga ndeshja e m\u00ebparshme n\u00eb Prishtin\u00eb ku \u201cDardan\u00ebt\u201d e prit\u00ebn me nj\u00eb koreografi gjigande me ngjyrat verdheblu, sot n\u00eb Goteborg ka par\u00eb t\u00eb shpaloset nj\u00eb flamur gjigand i Shqip\u00ebris\u00eb.<\/p>\n<p><strong>SHIH\u00a0<a href=\"https:\/\/streamin.link\/v\/86b1b0c8\">VIDEON<\/a><\/strong><\/p>\n<p>Nj\u00eb num\u00ebr i madh mb\u00ebshtet\u00ebsish t\u00eb saj ishin n\u00eb tribuna duke b\u00ebr\u00eb q\u00eb ajo ta ndjente veten si n\u00eb sht\u00ebpi. Por me parullat q\u00eb u hap\u00ebn dhe shum\u00eb prej tyre q\u00eb mbanin fanellat kuqezi, ishte e qart\u00eb q\u00eb koreografia e fundit nuk ishte p\u00eblqyer nga mb\u00ebshtet\u00ebsit shqiptar\u00eb anemban\u00eb bot\u00ebs, teksa u p\u00ebrhap edhe nj\u00eb parull\u00eb.<\/p>\n\n<p>\u201cNe nuk jemi komb kosovar, lindim dhe vdesim shqiptar\u201d, shkruhej aty.<\/p>\n<p>The post <a href=\"https:\/\/gijotina.com\/video-kosova-pritet-ne-suedi-si-shqiperi-banderole-gjigante-me-flamurin-e-kuq\/\">VIDEO\/ Kosova pritet n\u00eb Suedi si Shqip\u00ebri, banderol\u00eb gjigante me flamurin e kuq<\/a> appeared first on <a href=\"https:\/\/gijotina.com\/\">GIJOTINA<\/a>.<\/p>","protected":false},"excerpt":{"rendered":"<p>Kosova e nisi ndeshjen ndaj Suedis\u00eb n\u00eb Goteborg, duke d\u00ebgjuar Himnin e saj t\u00eb Flamurit, por duke par\u00eb ngjyrat kuqezi n\u00eb tribuna. P\u00ebrfaq\u00ebsuesja e Kosov\u00ebs, ndryshe nga ndeshja e m\u00ebparshme n\u00eb Prishtin\u00eb ku \u201cDardan\u00ebt\u201d e prit\u00ebn me nj\u00eb koreografi gjigande me ngjyrat verdheblu, sot n\u00eb Goteborg ka par\u00eb t\u00eb shpaloset nj\u00eb flamur gjigand i Shqip\u00ebris\u00eb. [&hellip;]<\/p>\n","protected":false},"author":0,"featured_media":0,"comment_status":"open","ping_status":"open","sticky":false,"template":"","format":"standard","meta":{"footnotes":""},"categories":[1],"tags":[],"class_list":["post-46242","post","type-post","status-publish","format-standard","hentry","category-uncategorized"],"_links":{"self":[{"href":"https:\/\/zennihost.com\/test\/wp-json\/wp\/v2\/posts\/46242","targetHints":{"allow":["GET"]}}],"collection":[{"href":"https:\/\/zennihost.com\/test\/wp-json\/wp\/v2\/posts"}],"about":[{"href":"https:\/\/zennihost.com\/test\/wp-json\/wp\/v2\/types\/post"}],"replies":[{"embeddable":true,"href":"https:\/\/zennihost.com\/test\/wp-json\/wp\/v2\/comments?post=46242"}],"version-history":[{"count":0,"href":"https:\/\/zennihost.com\/test\/wp-json\/wp\/v2\/posts\/46242\/revisions"}],"wp:attachment":[{"href":"https:\/\/zennihost.com\/test\/wp-json\/wp\/v2\/media?parent=46242"}],"wp:term":[{"taxonomy":"category","embeddable":true,"href":"https:\/\/zennihost.com\/test\/wp-json\/wp\/v2\/categories?post=46242"},{"taxonomy":"post_tag","embeddable":true,"href":"https:\/\/zennihost.com\/test\/wp-json\/wp\/v2\/tags?post=46242"}],"curies":[{"name":"wp","href":"https:\/\/api.w.org\/{rel}","templated":true}]}}