{"id":46241,"date":"2025-10-13T19:49:34","date_gmt":"2025-10-13T19:49:34","guid":{"rendered":"https:\/\/zennihost.com\/test\/2025\/10\/13\/familja-e-lamine-yamal-merr-trajtim-te-vecante-nga-barcelona-cfare-u-eshte-lejuar\/"},"modified":"2025-10-13T19:49:34","modified_gmt":"2025-10-13T19:49:34","slug":"familja-e-lamine-yamal-merr-trajtim-te-vecante-nga-barcelona-cfare-u-eshte-lejuar","status":"publish","type":"post","link":"https:\/\/zennihost.com\/test\/2025\/10\/13\/familja-e-lamine-yamal-merr-trajtim-te-vecante-nga-barcelona-cfare-u-eshte-lejuar\/","title":{"rendered":"Familja e Lamine Yamal merr trajtim t\u00eb ve\u00e7ant\u00eb nga Barcelona: \u00e7far\u00eb u \u00ebsht\u00eb lejuar"},"content":{"rendered":"<p>Lamine Yamal \u00ebsht\u00eb vet\u00ebm 18 vje\u00e7, por tashm\u00eb \u00ebsht\u00eb n\u00eb gjendje t\u00eb ndikoj\u00eb gjith\u00eb bot\u00ebn e futbollit me talentin e tij, ve\u00e7an\u00ebrisht Barcelon\u00ebn, e cila p\u00ebrpiqet ta mbroj\u00eb dhe ta p\u00ebrk\u00ebdhel\u00eb p\u00ebr t\u00eb shmangur nj\u00eb transferim q\u00eb do t\u00eb ishte i dhimbsh\u00ebm. Ndikimi i tij mes profesionist\u00ebve ka qen\u00eb i jasht\u00ebzakonsh\u00ebm dhe \u00ebsht\u00eb e qart\u00eb se p\u00ebrball\u00eb nj\u00eb ylli t\u00eb till\u00eb klubet jan\u00eb t\u00eb gatshme t\u00eb b\u00ebjn\u00eb gjith\u00e7ka. Por ndoshta blaugranat e kan\u00eb kaluar kufirin duke i dh\u00ebn\u00eb lojtarit dhe gjith\u00eb familjes s\u00eb tij \u00e7do lloj privilegji, gj\u00eb q\u00eb zakonisht nuk b\u00ebhet me an\u00ebtar\u00ebt e tjer\u00eb t\u00eb skuadr\u00ebs.<\/p>\n<p>Sipas asaj q\u00eb raporton gazetari Romain Molina, prind\u00ebrit e spanjollit \u2013 dhe n\u00eb ve\u00e7anti i ati, Nasraoui, i cili ndjek nga shum\u00eb af\u00ebr karrier\u00ebn e t\u00eb birit \u2013 i kan\u00eb k\u00ebrkuar klubit tre p\u00ebrfitime, t\u00eb cilat shoq\u00ebria ia ka plot\u00ebsuar vet\u00ebm p\u00ebr t\u00eb shmangur \u00e7arje me Lamine Yamal. Frika \u00ebsht\u00eb q\u00eb i riu t\u00eb p\u00ebrballet me presione t\u00eb tilla q\u00eb mund ta largojn\u00eb nga Barcelona, por kjo po krijon pak\u00ebnaq\u00ebsi brenda dhomave t\u00eb zhveshjes.<\/p>\n<h4>P\u00ebrfitimet e akorduara familjes s\u00eb Lamine Yamal<\/h4>\n<p>Gjith\u00e7ka ka nisur nga sjellja e babait t\u00eb Lamine Yamal, i cili nuk \u00ebsht\u00eb i panjohur p\u00ebr polemikat kur b\u00ebhet fjal\u00eb p\u00ebr karrier\u00ebn e t\u00eb birit. Ai ishte shprehur hapur pas dh\u00ebnies s\u00eb Topit t\u00eb Art\u00eb p\u00ebr Demb\u00e9l\u00e9 dhe e kishte b\u00ebr\u00eb k\u00ebt\u00eb edhe m\u00eb par\u00eb, n\u00eb prapasken\u00eb: i kishte k\u00ebrkuar Barcelon\u00ebs t\u00eb p\u00ebrqendrohej vet\u00ebm n\u00eb kandidatur\u00ebn e t\u00eb birit n\u00eb nivel mediatik, p\u00ebr ta shtyr\u00eb at\u00eb sa m\u00eb lart t\u00eb ishte e mundur, dhe nj\u00eb vit m\u00eb par\u00eb kishte ushtruar presion p\u00ebr rritjen e pag\u00ebs, duke k\u00ebrkuar nj\u00eb kontrat\u00eb prej rreth 18 milion\u00eb eurosh n\u00eb vit (duke p\u00ebrfshir\u00eb bonuset dhe rritjet graduale), e cila n\u00eb fund i \u00ebsht\u00eb akorduar.<\/p>\n<p><strong>Lexo m\u00eb tej:<\/strong>\u00a0<a href=\"https:\/\/lapsi.al\/2025\/10\/02\/skandal-i-ri-shiten-bileta-per-nje-darke-me-mamane-e-lamine-yamal-pagesa-te-cmendura\/\">Skandal i ri\/Shiten bileta p\u00ebr nj\u00eb dark\u00eb me maman\u00eb e Lamine Yamal: pagesa t\u00eb \u00e7mendura<\/a><\/p>\n<p>Por n\u00eb fakt jan\u00eb tre p\u00ebrfitimet kryesore prej t\u00eb cilave g\u00ebzon familja e spanjollit dhe q\u00eb po shkaktojn\u00eb shum\u00eb zhurm\u00eb n\u00eb dhom\u00ebn e zhveshjes s\u00eb Barcelon\u00ebs. Bar\u00e7a organizon t\u00eb gjitha udh\u00ebtimet e personave m\u00eb t\u00eb af\u00ebrt me Lamine Yamal me nj\u00eb avion privat, n\u00eb m\u00ebnyr\u00eb q\u00eb ata ta ndjekin pa shpenzime; ata p\u00ebrfitojn\u00eb mund\u00ebsi sponsorizimesh t\u00eb ve\u00e7anta; dhe, p\u00ebr m\u00eb tep\u00ebr, her\u00eb pas here u jepen favore t\u00eb ndryshme, sipas k\u00ebrkesave q\u00eb paraqiten. Gazetari shprehet i shqet\u00ebsuar p\u00ebr lojtarin, t\u00eb cilit nuk i mohohet asgj\u00eb \u2013 nj\u00eb sjellje q\u00eb mund ta d\u00ebmtoj\u00eb n\u00eb t\u00eb ardhmen dhe t\u00eb ndikoj\u00eb negativisht edhe n\u00eb karrier\u00ebn e tij.<\/p>\n<p>The post <a href=\"https:\/\/lapsi.al\/2025\/10\/13\/familja-e-lamine-yamal-merr-trajtim-te-vecante-nga-barcelona-cfare-u-eshte-lejuar\/\">Familja e Lamine Yamal merr trajtim t\u00eb ve\u00e7ant\u00eb nga Barcelona: \u00e7far\u00eb u \u00ebsht\u00eb lejuar<\/a> appeared first on <a href=\"https:\/\/lapsi.al\/\">Lapsi.al<\/a>.<\/p>","protected":false},"excerpt":{"rendered":"<p>Lamine Yamal \u00ebsht\u00eb vet\u00ebm 18 vje\u00e7, por tashm\u00eb \u00ebsht\u00eb n\u00eb gjendje t\u00eb ndikoj\u00eb gjith\u00eb bot\u00ebn e futbollit me talentin e tij, ve\u00e7an\u00ebrisht Barcelon\u00ebn, e cila p\u00ebrpiqet ta mbroj\u00eb dhe ta p\u00ebrk\u00ebdhel\u00eb p\u00ebr t\u00eb shmangur nj\u00eb transferim q\u00eb do t\u00eb ishte i dhimbsh\u00ebm. Ndikimi i tij mes profesionist\u00ebve ka qen\u00eb i jasht\u00ebzakonsh\u00ebm dhe \u00ebsht\u00eb e qart\u00eb [&hellip;]<\/p>\n","protected":false},"author":0,"featured_media":0,"comment_status":"open","ping_status":"open","sticky":false,"template":"","format":"standard","meta":{"footnotes":""},"categories":[1],"tags":[],"class_list":["post-46241","post","type-post","status-publish","format-standard","hentry","category-uncategorized"],"_links":{"self":[{"href":"https:\/\/zennihost.com\/test\/wp-json\/wp\/v2\/posts\/46241","targetHints":{"allow":["GET"]}}],"collection":[{"href":"https:\/\/zennihost.com\/test\/wp-json\/wp\/v2\/posts"}],"about":[{"href":"https:\/\/zennihost.com\/test\/wp-json\/wp\/v2\/types\/post"}],"replies":[{"embeddable":true,"href":"https:\/\/zennihost.com\/test\/wp-json\/wp\/v2\/comments?post=46241"}],"version-history":[{"count":0,"href":"https:\/\/zennihost.com\/test\/wp-json\/wp\/v2\/posts\/46241\/revisions"}],"wp:attachment":[{"href":"https:\/\/zennihost.com\/test\/wp-json\/wp\/v2\/media?parent=46241"}],"wp:term":[{"taxonomy":"category","embeddable":true,"href":"https:\/\/zennihost.com\/test\/wp-json\/wp\/v2\/categories?post=46241"},{"taxonomy":"post_tag","embeddable":true,"href":"https:\/\/zennihost.com\/test\/wp-json\/wp\/v2\/tags?post=46241"}],"curies":[{"name":"wp","href":"https:\/\/api.w.org\/{rel}","templated":true}]}}