{"id":46240,"date":"2025-10-13T19:53:33","date_gmt":"2025-10-13T19:53:33","guid":{"rendered":"https:\/\/zennihost.com\/test\/2025\/10\/13\/mbyllja-e-autostrades-vore-durres-shkakton-trafik-edhe-ne-aksin-tirane-elbasan\/"},"modified":"2025-10-13T19:53:33","modified_gmt":"2025-10-13T19:53:33","slug":"mbyllja-e-autostrades-vore-durres-shkakton-trafik-edhe-ne-aksin-tirane-elbasan","status":"publish","type":"post","link":"https:\/\/zennihost.com\/test\/2025\/10\/13\/mbyllja-e-autostrades-vore-durres-shkakton-trafik-edhe-ne-aksin-tirane-elbasan\/","title":{"rendered":"Mbyllja e autostrad\u00ebs Vor\u00eb \u2013 Durr\u00ebs shkakton trafik edhe n\u00eb aksin Tiran\u00eb \u2013 Elbasan"},"content":{"rendered":"<p><span>Mbyllja e p\u00ebrkohshme e segmentit t\u00eb autostrad\u00ebs Vor\u00eb\u2013Durr\u00ebs, p\u00ebr shkak t\u00eb punimeve infrastrukturore, po sjell pasoja t\u00eb ndjeshme edhe n\u00eb akse t\u00eb tjera kryesore, p\u00ebrfshir\u00eb rrug\u00ebn Tiran\u00eb\u2013Elbasan.<\/span><\/p>\n<p><span>Si rrjedhoj\u00eb e devijimit t\u00eb trafikut, fluksi i automjeteve q\u00eb kalojn\u00eb p\u00ebrmes Elbasanit n\u00eb drejtim t\u00eb jugut t\u00eb vendit dhe anasjelltas \u00ebsht\u00eb rritur ndjesh\u00ebm. Kjo ka sjell\u00eb radh\u00eb kilometrike dhe pritje t\u00eb zgjatura, ve\u00e7an\u00ebrisht n\u00eb hyrje-daljet e qytetit t\u00eb Elbasanit.<\/span><\/p>\n<p><span>Sipas autoriteteve, qindra mjete kan\u00eb zgjedhur k\u00ebt\u00eb aks si rrug\u00eb alternative p\u00ebr t\u00eb arritur n\u00eb Tiran\u00eb apo p\u00ebr t\u00eb vijuar udh\u00ebtimin n\u00eb drejtim t\u00eb jugut, duke ngarkuar tej mase kapacitetin normal t\u00eb qarkullimit.<\/span><\/p>\n<p><span>N\u00eb k\u00ebto kushte, Policia Rrugore ka shtuar pranin\u00eb n\u00eb zonat m\u00eb problematike dhe i b\u00ebn apel qytetar\u00ebve p\u00ebr mir\u00ebkuptim, duke theksuar r\u00ebnd\u00ebsin\u00eb e punimeve q\u00eb po kryhen n\u00eb segmentin Vor\u00eb\u2013Durr\u00ebs, si nj\u00eb investim i domosdosh\u00ebm p\u00ebr p\u00ebrmir\u00ebsimin e infrastruktur\u00ebs rrugore.<\/span><\/p>\n<p><span>Autoritetet k\u00ebshillojn\u00eb drejtuesit e mjeteve t\u00eb tregojn\u00eb durim, t\u00eb ndjekin sinjalistik\u00ebn dhe udh\u00ebzimet e policis\u00eb, si dhe t\u00eb planifikojn\u00eb udh\u00ebtimet me koh\u00eb t\u00eb mjaftueshme p\u00ebr t\u00eb shmangur vonesat. \/<a href=\"https:\/\/www.balkanweb.com\/mbyllja-e-autostrades-vore-durres-shkakton-trafik-edhe-ne-aksin-tirane-elbasan-regjistrohen-radhe-kilometrike-automjetesh\/#gsc.tab=0\">BW<\/a><\/span><\/p>\n<p>The post <a href=\"https:\/\/lapsi.al\/2025\/10\/13\/mbyllja-e-autostrades-vore-durres-shkakton-trafik-edhe-ne-aksin-tirane-elbasan\/\">Mbyllja e autostrad\u00ebs Vor\u00eb \u2013 Durr\u00ebs shkakton trafik edhe n\u00eb aksin Tiran\u00eb \u2013 Elbasan<\/a> appeared first on <a href=\"https:\/\/lapsi.al\/\">Lapsi.al<\/a>.<\/p>","protected":false},"excerpt":{"rendered":"<p>Mbyllja e p\u00ebrkohshme e segmentit t\u00eb autostrad\u00ebs Vor\u00eb\u2013Durr\u00ebs, p\u00ebr shkak t\u00eb punimeve infrastrukturore, po sjell pasoja t\u00eb ndjeshme edhe n\u00eb akse t\u00eb tjera kryesore, p\u00ebrfshir\u00eb rrug\u00ebn Tiran\u00eb\u2013Elbasan. Si rrjedhoj\u00eb e devijimit t\u00eb trafikut, fluksi i automjeteve q\u00eb kalojn\u00eb p\u00ebrmes Elbasanit n\u00eb drejtim t\u00eb jugut t\u00eb vendit dhe anasjelltas \u00ebsht\u00eb rritur ndjesh\u00ebm. Kjo ka sjell\u00eb radh\u00eb [&hellip;]<\/p>\n","protected":false},"author":0,"featured_media":0,"comment_status":"open","ping_status":"open","sticky":false,"template":"","format":"standard","meta":{"footnotes":""},"categories":[1],"tags":[],"class_list":["post-46240","post","type-post","status-publish","format-standard","hentry","category-uncategorized"],"_links":{"self":[{"href":"https:\/\/zennihost.com\/test\/wp-json\/wp\/v2\/posts\/46240","targetHints":{"allow":["GET"]}}],"collection":[{"href":"https:\/\/zennihost.com\/test\/wp-json\/wp\/v2\/posts"}],"about":[{"href":"https:\/\/zennihost.com\/test\/wp-json\/wp\/v2\/types\/post"}],"replies":[{"embeddable":true,"href":"https:\/\/zennihost.com\/test\/wp-json\/wp\/v2\/comments?post=46240"}],"version-history":[{"count":0,"href":"https:\/\/zennihost.com\/test\/wp-json\/wp\/v2\/posts\/46240\/revisions"}],"wp:attachment":[{"href":"https:\/\/zennihost.com\/test\/wp-json\/wp\/v2\/media?parent=46240"}],"wp:term":[{"taxonomy":"category","embeddable":true,"href":"https:\/\/zennihost.com\/test\/wp-json\/wp\/v2\/categories?post=46240"},{"taxonomy":"post_tag","embeddable":true,"href":"https:\/\/zennihost.com\/test\/wp-json\/wp\/v2\/tags?post=46240"}],"curies":[{"name":"wp","href":"https:\/\/api.w.org\/{rel}","templated":true}]}}