{"id":46239,"date":"2025-10-13T20:03:53","date_gmt":"2025-10-13T20:03:53","guid":{"rendered":"https:\/\/zennihost.com\/test\/2025\/10\/13\/kjo-eshte-tirana-kandidate-per-bashkine-e-bere-me-integjence-artificiale\/"},"modified":"2025-10-13T20:03:53","modified_gmt":"2025-10-13T20:03:53","slug":"kjo-eshte-tirana-kandidate-per-bashkine-e-bere-me-integjence-artificiale","status":"publish","type":"post","link":"https:\/\/zennihost.com\/test\/2025\/10\/13\/kjo-eshte-tirana-kandidate-per-bashkine-e-bere-me-integjence-artificiale\/","title":{"rendered":"Kjo \u00ebsht\u00eb \u201cTirANA\u201d kandidate p\u00ebr bashkin\u00eb e b\u00ebr\u00eb me Integjenc\u00eb Artificiale"},"content":{"rendered":"<p><span>Denisa Kele, Tomi Kallanxhi dhe Besmir Semanaj njoftuan n\u00eb t\u00eb mart\u00ebn se kan\u00eb shpallur kandidatur\u00ebn e par\u00eb me Inteligjenc\u00eb Artificiale n\u00eb zgjedhjet vendore, t\u00eb quajtur TirANA (Tirana Algorithmic Neural Assistant).<\/span><\/p>\n<p><span>Nisma i referohet precedentit t\u00eb krijuar nga Kryeministri Edi Rama kur em\u00ebroi si an\u00ebtare t\u00eb kabinetit t\u00eb tij ministren e par\u00eb t\u00eb Inteligjenc\u00ebs Artificiale, nj\u00eb algorit\u00ebm q\u00eb deri dje u jepte sh\u00ebrbime online qytetar\u00ebve n\u00eb portalin e-albania.<\/span><\/p>\n<p><span><em>\u201cPas k\u00ebtij projekti q\u00ebndron nj\u00eb ekip i gjer\u00eb ekspert\u00ebsh nga fusha t\u00eb ndryshme , teknologji, urbanistik\u00eb, mjedis, transport, ekonomi, drejt\u00ebsi dhe sh\u00ebrbime publike, t\u00eb cil\u00ebt besojn\u00eb se qyteti i Tiran\u00ebs ka nevoj\u00eb p\u00ebr nj\u00eb qasje t\u00eb re, t\u00eb bazuar mbi transparenc\u00eb, efikasitet dhe llogaridh\u00ebnie\u201d-<\/em> shkruajn\u00eb ekspert\u00ebt e AI-s\u00eb n\u00eb postimin e tyre n\u00eb facebook.<\/span><\/p>\n<p><span>Por nisma nuk duket se \u00ebsht\u00eb vet\u00ebm nj\u00eb tentativ\u00eb p\u00ebr t\u00eb ironizuar apo b\u00ebr\u00eb paraleliz\u00ebm me ministren virtuale t\u00eb Ram\u00ebs.<\/span><\/p>\n<p><span>\u201cQ\u00ebllimi yn\u00eb nuk \u00ebsht\u00eb vet\u00ebm t\u00eb b\u00ebjm\u00eb nj\u00eb paraleliz\u00ebm me Diell\u00ebn, edhe pse krahasimi lind vetvetiu. Ne po testojm\u00eb kufijt\u00eb ligjor\u00eb p\u00ebr t\u00eb par\u00eb n\u00ebse ekziston mund\u00ebsia q\u00eb nj\u00eb entitet i till\u00eb t\u00eb regjistrohet n\u00eb KQZ\u201d- i tha BIRN-it, Semanaj, nj\u00ebri prej autor\u00ebve t\u00eb algoritmit.<\/span><\/p>\n<p><span>Ai shtoi se ishin n\u00eb kontakt me jurist\u00eb p\u00ebr t\u00eb identifikuar hap\u00ebsira ligjore edhe pse ishin tw nd\u00ebrgjegjsh\u00ebm se kjo do t\u00eb ishte shum\u00eb e v\u00ebshtir\u00eb ose e pamundur.<\/span><\/p>\n<p><span><em>\u201cMegjithat\u00eb, synimi yn\u00eb \u00ebsht\u00eb t\u00eb krijojm\u00eb nj\u00eb precedent, q\u00eb m\u00eb von\u00eb t\u00eb shtyj\u00eb drejt ndryshimeve ligjore\u201d-<\/em> shtoi ai.<\/span><\/p>\n<p><span>E pyetur nga BIRN mbi kandidaten e krijuar me IA, Komisioni Qendror i Zgjedhjeve i tha BIRN se \u00e7\u00ebshtje q\u00eb lidhet me regjistrimin e subjekteve zgjedhore apo kandidat\u00ebve shqyrtohet vet\u00ebm n\u00eb momentin kur paraqitet zyrtarisht nj\u00eb k\u00ebrkes\u00eb ose aplikim, n\u00eb p\u00ebrputhje me procedurat dhe afatet e p\u00ebrcaktuara n\u00eb Kodin Zgjedhor, nd\u00ebrsa shtoi se nuk mund t\u00eb shprehet p\u00ebr situata hipotetike apo t\u00eb parashikuara n\u00eb media.<\/span><\/p>\n<p><span><em>\u201cMegjithat\u00eb, ligj\u00ebrisht, e drejta p\u00ebr tu regjistruar si kandidat n\u00eb zgjedhje u takon vet\u00ebm shtetasve shqiptar\u00eb q\u00eb plot\u00ebsojn\u00eb kriteret e p\u00ebrcaktuara n\u00eb Kushtetut\u00eb dhe n\u00eb Kodin Zgjedhor,\u201d<\/em> tha Komisioni.<\/span><\/p>\n<p><span><em>\u201cN\u00ebse nj\u00eb rast i till\u00eb paraqitet zyrtarisht p\u00ebr shqyrtim, KQZ do ta trajtoj\u00eb n\u00eb p\u00ebrputhje me kuadrin ligjor n\u00eb fuqi dhe kompetencat q\u00eb i njeh ligji,\u201d<\/em> shtoi ai.<\/span><\/p>\n<p><span>Duke krahasuar krijes\u00ebn e tyre virtuale me at\u00eb t\u00eb qeveris\u00eb, Semanaj, thot\u00eb m\u00eb tej se ndryshe nga Diella kandidatja digjitale p\u00ebr Tiran\u00ebs i n\u00ebnshtrohet standardeve transparente p\u00ebr publikun, ku <em>\u201c\u00e7do qytetar t\u00eb ket\u00eb mund\u00ebsin\u00eb ta shoh\u00eb kodin, t\u00eb monitoroj\u00eb burimin e t\u00eb dh\u00ebnave dhe t\u00eb verifikoj\u00eb funksionimin\u201d.<\/em><\/span><\/p>\n<p><span><em>\u201cKy \u00ebsht\u00eb shembulli q\u00eb japim se si do t\u00eb duhej t\u00eb ishte Diella, ndryshe nga ajo q\u00eb ekziston sot, ku kodi nuk dihet, burimet nuk jan\u00eb transparente dhe procesi \u00ebsht\u00eb i mbyllur\u201d<\/em>\u2013 thekson ai.<\/span><\/p>\n<p><span>Rama krijoi zhurm\u00eb kur n\u00eb prezantimin e ekipit t\u00eb ri qeveritar deklaroi se I besonte nj\u00eb portofol ministri shteti nj\u00eb algoritmi t\u00eb quajtur Diella, e cila sipas tij do t\u00eb ishte p\u00ebrgjegj\u00ebse p\u00ebr prokurimet publike, nj\u00eb sektor q\u00eb shihet si gangren\u00eb korrupsioni n\u00eb qeverisje.<\/span><\/p>\n<p><span>Ky vendim u kritikua si nj\u00eb vendim q\u00eb nuk kishte baz\u00eb ligjore, por Presidenti i Republik\u00ebs e p\u00ebrfshiu ministren artificiale n\u00eb dekretin e tij p\u00ebr em\u00ebrimin e Ram\u00ebs si kryeminist\u00ebr, ku I p\u00ebrcakton atij edhe <em>\u201cp\u00ebrgjegj\u00ebsin\u00eb p\u00ebr ngritjen dhe funksionimin e ministrit virtual t\u00eb Inteligjenc\u00ebs Artificiale\u201d.<\/em> \/<a href=\"https:\/\/www.reporter.al\/2025\/10\/13\/nje-kandidat-per-tiranen-i-krijuar-nga-inteligjenca-artificiale\/\">Reporter.al<\/a><\/span><\/p>\n<p>The post <a href=\"https:\/\/lapsi.al\/2025\/10\/13\/kjo-eshte-tirana-kandidate-per-bashkine-e-bere-me-integjence-artificiale\/\">Kjo \u00ebsht\u00eb \u201cTirANA\u201d kandidate p\u00ebr bashkin\u00eb e b\u00ebr\u00eb me Integjenc\u00eb Artificiale<\/a> appeared first on <a href=\"https:\/\/lapsi.al\/\">Lapsi.al<\/a>.<\/p>","protected":false},"excerpt":{"rendered":"<p>Denisa Kele, Tomi Kallanxhi dhe Besmir Semanaj njoftuan n\u00eb t\u00eb mart\u00ebn se kan\u00eb shpallur kandidatur\u00ebn e par\u00eb me Inteligjenc\u00eb Artificiale n\u00eb zgjedhjet vendore, t\u00eb quajtur TirANA (Tirana Algorithmic Neural Assistant). Nisma i referohet precedentit t\u00eb krijuar nga Kryeministri Edi Rama kur em\u00ebroi si an\u00ebtare t\u00eb kabinetit t\u00eb tij ministren e par\u00eb t\u00eb Inteligjenc\u00ebs Artificiale, nj\u00eb [&hellip;]<\/p>\n","protected":false},"author":0,"featured_media":0,"comment_status":"open","ping_status":"open","sticky":false,"template":"","format":"standard","meta":{"footnotes":""},"categories":[1],"tags":[],"class_list":["post-46239","post","type-post","status-publish","format-standard","hentry","category-uncategorized"],"_links":{"self":[{"href":"https:\/\/zennihost.com\/test\/wp-json\/wp\/v2\/posts\/46239","targetHints":{"allow":["GET"]}}],"collection":[{"href":"https:\/\/zennihost.com\/test\/wp-json\/wp\/v2\/posts"}],"about":[{"href":"https:\/\/zennihost.com\/test\/wp-json\/wp\/v2\/types\/post"}],"replies":[{"embeddable":true,"href":"https:\/\/zennihost.com\/test\/wp-json\/wp\/v2\/comments?post=46239"}],"version-history":[{"count":0,"href":"https:\/\/zennihost.com\/test\/wp-json\/wp\/v2\/posts\/46239\/revisions"}],"wp:attachment":[{"href":"https:\/\/zennihost.com\/test\/wp-json\/wp\/v2\/media?parent=46239"}],"wp:term":[{"taxonomy":"category","embeddable":true,"href":"https:\/\/zennihost.com\/test\/wp-json\/wp\/v2\/categories?post=46239"},{"taxonomy":"post_tag","embeddable":true,"href":"https:\/\/zennihost.com\/test\/wp-json\/wp\/v2\/tags?post=46239"}],"curies":[{"name":"wp","href":"https:\/\/api.w.org\/{rel}","templated":true}]}}