{"id":46238,"date":"2025-10-13T20:06:55","date_gmt":"2025-10-13T20:06:55","guid":{"rendered":"https:\/\/zennihost.com\/test\/2025\/10\/13\/nuk-do-te-fitoje-ozer-akuzon-teknikun-montella-plasin-polemika-te-ashpra-ne-turqi\/"},"modified":"2025-10-13T20:06:55","modified_gmt":"2025-10-13T20:06:55","slug":"nuk-do-te-fitoje-ozer-akuzon-teknikun-montella-plasin-polemika-te-ashpra-ne-turqi","status":"publish","type":"post","link":"https:\/\/zennihost.com\/test\/2025\/10\/13\/nuk-do-te-fitoje-ozer-akuzon-teknikun-montella-plasin-polemika-te-ashpra-ne-turqi\/","title":{"rendered":"\u201cNuk do t\u00eb fitoj\u00eb\u201d: Ozer akuzon teknikun Montella, plasin polemika t\u00eb ashpra n\u00eb Turqi"},"content":{"rendered":"<p>Fitorja shum\u00eb e thell\u00eb e arritur n\u00eb fush\u00ebn e Bullgaris\u00eb, e mposhtur 6\u20131, kishte sjell\u00eb qet\u00ebsi t\u00eb madhe te Turqia, e cila kishte rimarr\u00eb n\u00eb dor\u00eb fatin e vet duke synuar vendin e dyt\u00eb n\u00eb grup \u2013 q\u00eb vlen p\u00ebr kualifikimin n\u00eb \u201cplayoff\u201d \u2013 maksimumi i mundsh\u00ebm duke pasur parasysh se e para e grupit \u00ebsht\u00eb Spanja. Por n\u00eb prag t\u00eb ndeshjes vendimtare me Gjeorgjin\u00eb, gjakrat jan\u00eb s\u00ebrish shum\u00eb t\u00eb ndezur p\u00ebr shkak t\u00eb polemik\u00ebs s\u00eb shkaktuar nga portieri Ozer \u2013 ai q\u00eb kishte pritur tre penallti kund\u00ebr Rom\u00ebs n\u00eb Europa League \u2013 i cili, pas p\u00ebrgjigjes s\u00eb federat\u00ebs, sulmoi trajnerin Vincenzo Montella.<\/p>\n<h4>Federata turke shum\u00eb e ashp\u00ebr me Ozer: \u201cSjellje e papranueshme\u201d<\/h4>\n<p>Ozer u b\u00eb v\u00ebrtet i njohur pasi priti tre penallti n\u00eb \u201cOlimpico\u201d kund\u00ebr Rom\u00ebs \u2013 tre penallti q\u00eb n\u00eb fakt vlejn\u00eb vet\u00ebm p\u00ebr nj\u00eb. Dovbyk goditi, ai e priti, por penalltia ishte e pavlefshme. P\u00ebrs\u00ebritet dhe ai e priti s\u00ebrish, por p\u00ebrs\u00ebri ishte e pavlefshme. Pastaj ukrainasi ia l\u00eb topin Soul\u00e9, q\u00eb u bllokua nga portieri. Ozer u thirr n\u00eb komb\u00ebtare, por nuk \u00ebsht\u00eb titullar dhe, sipas fjal\u00ebve t\u00eb tij, nuk ndodhej n\u00eb form\u00ebn m\u00eb t\u00eb mir\u00eb. Pas fitores \u201ctenistike\u201d kund\u00ebr Bullgaris\u00eb, ai u largua nga grumbullimi.<\/p>\n<p><strong>Lexo m\u00eb tej:<\/strong>\u00a0<a href=\"https:\/\/lapsi.al\/2025\/10\/03\/kush-eshte-ozer-portieri-qe-i-priti-3-penallti-romes-i-kishte-premtuar-te-fejuares\/\">Kush \u00ebsht\u00eb \u00d6zer, portieri q\u00eb i priti 3 penallti Rom\u00ebs: i kishte premtuar t\u00eb fejuar\u00ebs<\/a><\/p>\n<p>Federata turke e mori shum\u00eb keq k\u00ebt\u00eb veprim dhe, n\u00eb nj\u00eb komunikat\u00eb zyrtare, e quajti sjelljen e tij t\u00eb papranueshme: \u201cKa l\u00ebn\u00eb qendr\u00ebn ton\u00eb st\u00ebrvitore pa leje, nd\u00ebrsa ne po p\u00ebrpiqemi me p\u00ebrkushtim p\u00ebr t\u2019u kualifikuar n\u00eb Kup\u00ebn e Bot\u00ebs: nj\u00eb sjellje e till\u00eb \u00ebsht\u00eb e papranueshme.\u201d<\/p>\n<h4>Sulmi i drejtp\u00ebrdrejt\u00eb i Ozer ndaj teknikut: fjal\u00eb t\u00eb ashpra<\/h4>\n<p>Portieri i Lille ka tentuar t\u00eb justifikoj\u00eb veprimin e tij, duke shpjeguar arsyet dhe duke drejtuar gishtin ndaj trajnerit Vincenzo Montella \u2013 i cili kishte arritur ta \u00e7onte Turqin\u00eb deri n\u00eb \u00e7erekfinalet e Euro 2024. N\u00eb nj\u00eb \u201cstory\u201d n\u00eb rrjetet sociale, Ozer ka shkruar: \u201cTrajnerit ia kisha th\u00ebn\u00eb. N\u00ebse nuk do t\u00eb isha thirrur p\u00ebr ndeshjen, do t\u00eb kishte qen\u00eb m\u00eb mir\u00eb t\u00eb kaloja at\u00eb periudh\u00eb duke pushuar dhe duke ndjekur trajtimin. Megjithat\u00eb, pasi u thirra, iu bashkova grumbullimit me krenarin\u00eb p\u00ebr t\u00eb veshur fanell\u00ebn e vendit tim, si gjithmon\u00eb. Nuk kam treguar kurr\u00eb munges\u00eb motivimi. Por kur pash\u00eb list\u00ebn e t\u00eb grumbulluarve, kuptova sa t\u00eb padobishme kishin qen\u00eb diskutimet e m\u00ebparshme. Ai q\u00eb merr vendimet n\u00eb skuadr\u00ebn e vendit tim nuk ishte i motivuar as p\u00ebr performanc\u00eb, as p\u00ebr d\u00ebshir\u00ebn p\u00ebr t\u00eb fituar.\u201d<\/p>\n<p>The post <a href=\"https:\/\/lapsi.al\/2025\/10\/13\/nuk-do-te-fitoje-ozer-akuzon-teknikun-montella-plasin-polemika-te-ashpra-ne-turqi\/\">\u201cNuk do t\u00eb fitoj\u00eb\u201d: Ozer akuzon teknikun Montella, plasin polemika t\u00eb ashpra n\u00eb Turqi<\/a> appeared first on <a href=\"https:\/\/lapsi.al\/\">Lapsi.al<\/a>.<\/p>","protected":false},"excerpt":{"rendered":"<p>Fitorja shum\u00eb e thell\u00eb e arritur n\u00eb fush\u00ebn e Bullgaris\u00eb, e mposhtur 6\u20131, kishte sjell\u00eb qet\u00ebsi t\u00eb madhe te Turqia, e cila kishte rimarr\u00eb n\u00eb dor\u00eb fatin e vet duke synuar vendin e dyt\u00eb n\u00eb grup \u2013 q\u00eb vlen p\u00ebr kualifikimin n\u00eb \u201cplayoff\u201d \u2013 maksimumi i mundsh\u00ebm duke pasur parasysh se e para e grupit [&hellip;]<\/p>\n","protected":false},"author":0,"featured_media":0,"comment_status":"open","ping_status":"open","sticky":false,"template":"","format":"standard","meta":{"footnotes":""},"categories":[1],"tags":[],"class_list":["post-46238","post","type-post","status-publish","format-standard","hentry","category-uncategorized"],"_links":{"self":[{"href":"https:\/\/zennihost.com\/test\/wp-json\/wp\/v2\/posts\/46238","targetHints":{"allow":["GET"]}}],"collection":[{"href":"https:\/\/zennihost.com\/test\/wp-json\/wp\/v2\/posts"}],"about":[{"href":"https:\/\/zennihost.com\/test\/wp-json\/wp\/v2\/types\/post"}],"replies":[{"embeddable":true,"href":"https:\/\/zennihost.com\/test\/wp-json\/wp\/v2\/comments?post=46238"}],"version-history":[{"count":0,"href":"https:\/\/zennihost.com\/test\/wp-json\/wp\/v2\/posts\/46238\/revisions"}],"wp:attachment":[{"href":"https:\/\/zennihost.com\/test\/wp-json\/wp\/v2\/media?parent=46238"}],"wp:term":[{"taxonomy":"category","embeddable":true,"href":"https:\/\/zennihost.com\/test\/wp-json\/wp\/v2\/categories?post=46238"},{"taxonomy":"post_tag","embeddable":true,"href":"https:\/\/zennihost.com\/test\/wp-json\/wp\/v2\/tags?post=46238"}],"curies":[{"name":"wp","href":"https:\/\/api.w.org\/{rel}","templated":true}]}}