{"id":46236,"date":"2025-10-13T20:48:18","date_gmt":"2025-10-13T20:48:18","guid":{"rendered":"https:\/\/zennihost.com\/test\/2025\/10\/13\/begaj-pershendet-marreveshjen-e-paqes-per-gazen-shqiperia-qendron-krah-te-gjitha-kombeve-qe-kontribuojne-per-paqe\/"},"modified":"2025-10-13T20:48:18","modified_gmt":"2025-10-13T20:48:18","slug":"begaj-pershendet-marreveshjen-e-paqes-per-gazen-shqiperia-qendron-krah-te-gjitha-kombeve-qe-kontribuojne-per-paqe","status":"publish","type":"post","link":"https:\/\/zennihost.com\/test\/2025\/10\/13\/begaj-pershendet-marreveshjen-e-paqes-per-gazen-shqiperia-qendron-krah-te-gjitha-kombeve-qe-kontribuojne-per-paqe\/","title":{"rendered":"Begaj p\u00ebrsh\u00ebndet marr\u00ebveshjen e paqes p\u00ebr Gaz\u00ebn: Shqip\u00ebria q\u00ebndron krah t\u00eb gjitha kombeve q\u00eb kontribuojn\u00eb p\u00ebr paqe"},"content":{"rendered":"<p>Presidenti i Republik\u00ebs, Bajram Begaj, p\u00ebrsh\u00ebndet me an\u00eb t\u00eb nj\u00eb postimi n\u00eb rrjetin social X, firmosjen e marr\u00ebveshjes s\u00eb paqes p\u00ebr Gaz\u00ebn, sot n\u00eb Egjipt,  si nj\u00eb zhvillim historik p\u00ebr paqen dhe njer\u00ebzimin.<\/p>\n<p>\u201cFirmosja e marr\u00ebveshjes s\u00eb paqes p\u00ebr Gaz\u00ebn, sot n\u00eb Egjipt, e iniciuar, mb\u00ebshtetur dhe b\u00ebr\u00eb realitet nga Presidenti Trump, \u00ebsht\u00eb nj\u00eb moment historik p\u00ebr paqen dhe njer\u00ebzimin. Kjo marr\u00ebveshje sh\u00ebnon nj\u00eb pik\u00eb kthese, duke d\u00ebshmuar se diplomacia, dialogu dhe vizioni mund ta b\u00ebjn\u00eb t\u00eb pamundur\u00ebn realitet.<\/p>\n<p>Shqip\u00ebria q\u00ebndron krah t\u00eb gjitha kombeve q\u00eb kontribuojn\u00eb p\u00ebr paqe t\u00eb q\u00ebndrueshme n\u00eb Lindjen e Mesme, n\u00eb k\u00ebt\u00eb moment kaq t\u00eb r\u00ebnd\u00ebsish\u00ebm\u201d, ka shkruar Presidenti Begaj.<\/p>\n<p>The post <a href=\"https:\/\/lexo.al\/2025\/10\/begaj-pershendet-marreveshjen-e-paqes-per-gazen-shqiperia-qendron-krah-te-gjitha-kombeve-qe-kontribuojne-per-paqe\/\">Begaj p\u00ebrsh\u00ebndet marr\u00ebveshjen e paqes p\u00ebr Gaz\u00ebn: Shqip\u00ebria q\u00ebndron krah t\u00eb gjitha kombeve q\u00eb kontribuojn\u00eb p\u00ebr paqe<\/a> appeared first on <a href=\"https:\/\/lexo.al\/\">www.lexo.al<\/a>.<\/p>","protected":false},"excerpt":{"rendered":"<p>Presidenti i Republik\u00ebs, Bajram Begaj, p\u00ebrsh\u00ebndet me an\u00eb t\u00eb nj\u00eb postimi n\u00eb rrjetin social X, firmosjen e marr\u00ebveshjes s\u00eb paqes p\u00ebr Gaz\u00ebn, sot n\u00eb Egjipt, si nj\u00eb zhvillim historik p\u00ebr paqen dhe njer\u00ebzimin. \u201cFirmosja e marr\u00ebveshjes s\u00eb paqes p\u00ebr Gaz\u00ebn, sot n\u00eb Egjipt, e iniciuar, mb\u00ebshtetur dhe b\u00ebr\u00eb realitet nga Presidenti Trump, \u00ebsht\u00eb nj\u00eb moment [&hellip;]<\/p>\n","protected":false},"author":0,"featured_media":0,"comment_status":"open","ping_status":"open","sticky":false,"template":"","format":"standard","meta":{"footnotes":""},"categories":[1],"tags":[],"class_list":["post-46236","post","type-post","status-publish","format-standard","hentry","category-uncategorized"],"_links":{"self":[{"href":"https:\/\/zennihost.com\/test\/wp-json\/wp\/v2\/posts\/46236","targetHints":{"allow":["GET"]}}],"collection":[{"href":"https:\/\/zennihost.com\/test\/wp-json\/wp\/v2\/posts"}],"about":[{"href":"https:\/\/zennihost.com\/test\/wp-json\/wp\/v2\/types\/post"}],"replies":[{"embeddable":true,"href":"https:\/\/zennihost.com\/test\/wp-json\/wp\/v2\/comments?post=46236"}],"version-history":[{"count":0,"href":"https:\/\/zennihost.com\/test\/wp-json\/wp\/v2\/posts\/46236\/revisions"}],"wp:attachment":[{"href":"https:\/\/zennihost.com\/test\/wp-json\/wp\/v2\/media?parent=46236"}],"wp:term":[{"taxonomy":"category","embeddable":true,"href":"https:\/\/zennihost.com\/test\/wp-json\/wp\/v2\/categories?post=46236"},{"taxonomy":"post_tag","embeddable":true,"href":"https:\/\/zennihost.com\/test\/wp-json\/wp\/v2\/tags?post=46236"}],"curies":[{"name":"wp","href":"https:\/\/api.w.org\/{rel}","templated":true}]}}