{"id":46232,"date":"2025-10-13T20:48:17","date_gmt":"2025-10-13T20:48:17","guid":{"rendered":"https:\/\/zennihost.com\/test\/2025\/10\/13\/dorehiqet-administratori-i-pacollit-ne-aeroportin-e-vlores-vetem-nje-muaj-pas-emerimit\/"},"modified":"2025-10-13T20:48:17","modified_gmt":"2025-10-13T20:48:17","slug":"dorehiqet-administratori-i-pacollit-ne-aeroportin-e-vlores-vetem-nje-muaj-pas-emerimit","status":"publish","type":"post","link":"https:\/\/zennihost.com\/test\/2025\/10\/13\/dorehiqet-administratori-i-pacollit-ne-aeroportin-e-vlores-vetem-nje-muaj-pas-emerimit\/","title":{"rendered":"Dor\u00ebhiqet administratori i Pacollit n\u00eb aeroportin e Vlor\u00ebs vet\u00ebm nj\u00eb muaj pas em\u00ebrimit"},"content":{"rendered":"<p>Vet\u00ebm 1 muaj pas em\u00ebrimit n\u00eb detyr\u00eb, administratori i ri aeroportit t\u00eb Vlor\u00ebs ka dh\u00ebn\u00eb dor\u00ebheqjen e parevokueshme. Kapitali ka m\u00ebsuar se nj\u00eb jav\u00eb m\u00eb par\u00eb, Mentor Hajdaraj ka dh\u00ebn\u00eb dor\u00ebheqjen e parevokueshme nga posti i administratorit t\u00eb kompanis\u00eb VIA, e cila menaxhon projektin strategjik t\u00eb Aeroportit Nd\u00ebrkomb\u00ebtar t\u00eb Vlor\u00ebs.<\/p>\n<p>\u201cDuke filluar nga data e k\u00ebtij njoftimi, heq dor\u00eb nga \u00e7do p\u00ebrgjegj\u00ebsi ligjore, financiare dhe morale p\u00ebr \u00e7do vendim, veprim apo marr\u00ebveshje q\u00eb mund t\u00eb nd\u00ebrmerret nga ana juaj apo n\u00eb em\u00ebr t\u00eb k\u00ebtij bashk\u00ebpunimi t\u00eb m\u00ebparsh\u00ebm.\u201d<\/p>\n\n<p>Z. Hajdaraj ishte em\u00ebruar n\u00eb k\u00ebt\u00eb pozicion m\u00eb 1 shtator, sipas nj\u00eb vendimi te nj\u00ebansh\u00ebm t\u00eb aksionarit Mabco Cosntructrion Sa t\u00eb Behgjet Pacollit, por ka zgjedhur t\u00eb largohet duke e motivuar largimin e tij me arsye personale, ndon\u00ebse ky variant duke i v\u00ebshtir\u00eb t\u00eb besohet, pasi zoti Hajdaraj kishte vet\u00ebm nj\u00eb muaj n\u00eb k\u00ebt\u00eb detyr\u00eb.<\/p>\n<p>Kjo duke patur parasysh edhe faktin se dor\u00ebheqja e Hajdarajt vjen vet\u00ebm pak koh\u00eb pasi paraardh\u00ebsi i ti, Valon Lluka, krahu i djatht\u00eb i Behgjet Pacollit p\u00ebr m\u00eb shum\u00eb se 18 vite dhe administrator i shumic\u00ebs s\u00eb kompanive t\u00eb tij, u shkarkua n\u00eb m\u00ebnyr\u00eb t\u00eb beft\u00eb dhe arbitrare nga drejtimi i kompanis\u00eb Vlora International Airport.<\/p>\n<p>Shkarkimi i z. Lluka nuk lidhej me munges\u00eb performance apo aft\u00ebsish profesionale p\u00ebrkundrazi, ai ishte nj\u00eb nd\u00ebr figurat m\u00eb t\u00eb besuara t\u00eb Pacollit. Arsyeja e v\u00ebrtet\u00eb lidhet me konfliktin q\u00eb ka shp\u00ebrthyer p\u00ebr ndarjen e kuotave mes dy aksioner\u00ebve t\u00eb aeroportit, Behgjet Pacolli dhe Valon Ademi.<\/p>\n<p>Menj\u00ebher\u00eb pas shkarkimit z. Lluka p\u00ebrmes nj\u00eb reagimi publik akuzoi publikisht Behgjet Pacollin per devijim te rende nga parimet e mir\u00ebqeverisjes.<\/p>\n<p>K\u00ebto dy dor\u00ebheqje dhe shkarkime t\u00eb nj\u00ebpasnj\u00ebshme nuk jan\u00eb t\u00eb rast\u00ebsishme. Ato d\u00ebshmojn\u00eb konfliktin e r\u00ebnd\u00eb q\u00eb ka shp\u00ebrthyer mes dy Behgjet Pacollit dhe Valon Ademit p\u00ebr ndarjen e kuotave. Aktualisht pron\u00ebsia e aeroportit \u00ebsht\u00eb e ndar\u00eb n\u00eb mas\u00ebn 98 p\u00ebr qind p\u00ebr Pacollin dhe 2 p\u00ebr qind p\u00ebr Valon Ademin p\u00ebrmes kompanive t\u00eb tyre respektive. Por Ademi pretendon se atij i takojn\u00eb 47 p\u00ebr qind e aksioneve, p\u00ebr shkak t\u00eb investimeve q\u00eb ka b\u00ebr\u00eb n\u00eb nd\u00ebrtimin e aeroportit. \/Kapital<\/p>\n<p>\u00a0<\/p>\n<p>The post <a href=\"https:\/\/gijotina.com\/dorehiqet-administratori-i-pacollit-ne-aeroportin-e-vlores-vetem-nje-muaj-pas-emerimit\/\">Dor\u00ebhiqet administratori i Pacollit n\u00eb aeroportin e Vlor\u00ebs vet\u00ebm nj\u00eb muaj pas em\u00ebrimit<\/a> appeared first on <a href=\"https:\/\/gijotina.com\/\">GIJOTINA<\/a>.<\/p>","protected":false},"excerpt":{"rendered":"<p>Vet\u00ebm 1 muaj pas em\u00ebrimit n\u00eb detyr\u00eb, administratori i ri aeroportit t\u00eb Vlor\u00ebs ka dh\u00ebn\u00eb dor\u00ebheqjen e parevokueshme. Kapitali ka m\u00ebsuar se nj\u00eb jav\u00eb m\u00eb par\u00eb, Mentor Hajdaraj ka dh\u00ebn\u00eb dor\u00ebheqjen e parevokueshme nga posti i administratorit t\u00eb kompanis\u00eb VIA, e cila menaxhon projektin strategjik t\u00eb Aeroportit Nd\u00ebrkomb\u00ebtar t\u00eb Vlor\u00ebs. \u201cDuke filluar nga data e [&hellip;]<\/p>\n","protected":false},"author":0,"featured_media":0,"comment_status":"open","ping_status":"open","sticky":false,"template":"","format":"standard","meta":{"footnotes":""},"categories":[1],"tags":[],"class_list":["post-46232","post","type-post","status-publish","format-standard","hentry","category-uncategorized"],"_links":{"self":[{"href":"https:\/\/zennihost.com\/test\/wp-json\/wp\/v2\/posts\/46232","targetHints":{"allow":["GET"]}}],"collection":[{"href":"https:\/\/zennihost.com\/test\/wp-json\/wp\/v2\/posts"}],"about":[{"href":"https:\/\/zennihost.com\/test\/wp-json\/wp\/v2\/types\/post"}],"replies":[{"embeddable":true,"href":"https:\/\/zennihost.com\/test\/wp-json\/wp\/v2\/comments?post=46232"}],"version-history":[{"count":0,"href":"https:\/\/zennihost.com\/test\/wp-json\/wp\/v2\/posts\/46232\/revisions"}],"wp:attachment":[{"href":"https:\/\/zennihost.com\/test\/wp-json\/wp\/v2\/media?parent=46232"}],"wp:term":[{"taxonomy":"category","embeddable":true,"href":"https:\/\/zennihost.com\/test\/wp-json\/wp\/v2\/categories?post=46232"},{"taxonomy":"post_tag","embeddable":true,"href":"https:\/\/zennihost.com\/test\/wp-json\/wp\/v2\/tags?post=46232"}],"curies":[{"name":"wp","href":"https:\/\/api.w.org\/{rel}","templated":true}]}}