{"id":46230,"date":"2025-10-13T20:48:16","date_gmt":"2025-10-13T20:48:16","guid":{"rendered":"https:\/\/zennihost.com\/test\/2025\/10\/13\/pas-festes-me-shqiponje-duka-tregon-pse-manaj-mori-karton-te-verdhe\/"},"modified":"2025-10-13T20:48:16","modified_gmt":"2025-10-13T20:48:16","slug":"pas-festes-me-shqiponje-duka-tregon-pse-manaj-mori-karton-te-verdhe","status":"publish","type":"post","link":"https:\/\/zennihost.com\/test\/2025\/10\/13\/pas-festes-me-shqiponje-duka-tregon-pse-manaj-mori-karton-te-verdhe\/","title":{"rendered":"Pas fest\u00ebs me shqiponj\u00eb\/ Duka tregon pse Manaj mori karton t\u00eb verdh\u00eb"},"content":{"rendered":"<p>Rey Manaj realizoi gol n\u00eb fitoren 0-1\u00a0 t\u00eb Shqip\u00ebris\u00eb n\u00eb Serbi, teksa pasi festoi me shqiponj\u00eb, ai u nd\u00ebshkua me karton t\u00eb verdh\u00eb.<\/p>\n<p>Presidenti i FSHF-s\u00eb, Armand Duka, b\u00ebn me dije se Manaj mori karton p\u00ebr shkak se festoi n\u00eb stolin e kund\u00ebrshtar\u00ebve.<\/p>\n<p>\u201cManaj dhe \u00e7do futbollist tjet\u00ebr mund t\u00eb festojn\u00eb me shqiponj\u00eb sa her\u00eb t\u00eb duan dhe asnj\u00ebher\u00eb s\u2019do t\u00eb nd\u00ebshkohen me karton t\u00eb verdh\u00eb. Rasti konkret \u00ebsht\u00eb nd\u00ebshkuar me kartonin e verdh\u00eb sepse \u00ebsht\u00eb festuar n\u00eb pankin\u00ebn e ekipit kund\u00ebrshtar, e cila mund t\u00eb ishte provokim dhe t\u00eb sillte trazira n\u00eb fush\u00ebn e loj\u00ebs.<\/p>\n<p>Ky \u00ebsht\u00eb interpretim zyrtar, vendim i arbitrit. E thash\u00eb dhe m\u00eb par\u00eb, kartoni i verdh\u00eb jepet n\u00eb raste t\u00eb tjera, kur provokon kund\u00ebrshtarin, spektatorin, ose kur heq bluz\u00ebn pas sh\u00ebnimit t\u00eb golit. Se feston me shqiponj\u00eb as nuk \u00ebsht\u00eb nd\u00ebshkuar dhe as nuk do t\u00eb nd\u00ebshkohet me karton t\u00eb verdh\u00eb\u201d, tha presidenti Duka p\u00ebr gazetarin Blendi Fevziu.<\/p>\n<p>The post <a href=\"https:\/\/gijotina.com\/1383090-2\/\">Pas fest\u00ebs me shqiponj\u00eb\/ Duka tregon pse Manaj mori karton t\u00eb verdh\u00eb<\/a> appeared first on <a href=\"https:\/\/gijotina.com\/\">GIJOTINA<\/a>.<\/p>","protected":false},"excerpt":{"rendered":"<p>Rey Manaj realizoi gol n\u00eb fitoren 0-1\u00a0 t\u00eb Shqip\u00ebris\u00eb n\u00eb Serbi, teksa pasi festoi me shqiponj\u00eb, ai u nd\u00ebshkua me karton t\u00eb verdh\u00eb. Presidenti i FSHF-s\u00eb, Armand Duka, b\u00ebn me dije se Manaj mori karton p\u00ebr shkak se festoi n\u00eb stolin e kund\u00ebrshtar\u00ebve. \u201cManaj dhe \u00e7do futbollist tjet\u00ebr mund t\u00eb festojn\u00eb me shqiponj\u00eb sa her\u00eb [&hellip;]<\/p>\n","protected":false},"author":0,"featured_media":0,"comment_status":"open","ping_status":"open","sticky":false,"template":"","format":"standard","meta":{"footnotes":""},"categories":[1],"tags":[],"class_list":["post-46230","post","type-post","status-publish","format-standard","hentry","category-uncategorized"],"_links":{"self":[{"href":"https:\/\/zennihost.com\/test\/wp-json\/wp\/v2\/posts\/46230","targetHints":{"allow":["GET"]}}],"collection":[{"href":"https:\/\/zennihost.com\/test\/wp-json\/wp\/v2\/posts"}],"about":[{"href":"https:\/\/zennihost.com\/test\/wp-json\/wp\/v2\/types\/post"}],"replies":[{"embeddable":true,"href":"https:\/\/zennihost.com\/test\/wp-json\/wp\/v2\/comments?post=46230"}],"version-history":[{"count":0,"href":"https:\/\/zennihost.com\/test\/wp-json\/wp\/v2\/posts\/46230\/revisions"}],"wp:attachment":[{"href":"https:\/\/zennihost.com\/test\/wp-json\/wp\/v2\/media?parent=46230"}],"wp:term":[{"taxonomy":"category","embeddable":true,"href":"https:\/\/zennihost.com\/test\/wp-json\/wp\/v2\/categories?post=46230"},{"taxonomy":"post_tag","embeddable":true,"href":"https:\/\/zennihost.com\/test\/wp-json\/wp\/v2\/tags?post=46230"}],"curies":[{"name":"wp","href":"https:\/\/api.w.org\/{rel}","templated":true}]}}