{"id":46229,"date":"2025-10-13T20:48:16","date_gmt":"2025-10-13T20:48:16","guid":{"rendered":"https:\/\/zennihost.com\/test\/2025\/10\/13\/marreveshja-e-paqes-per-gazen-reagon-presidenti-begaj-moment-historik-mbeshtesim-paqen-e-qendrueshme-ne-lindjen-e-mesme\/"},"modified":"2025-10-13T20:48:16","modified_gmt":"2025-10-13T20:48:16","slug":"marreveshja-e-paqes-per-gazen-reagon-presidenti-begaj-moment-historik-mbeshtesim-paqen-e-qendrueshme-ne-lindjen-e-mesme","status":"publish","type":"post","link":"https:\/\/zennihost.com\/test\/2025\/10\/13\/marreveshja-e-paqes-per-gazen-reagon-presidenti-begaj-moment-historik-mbeshtesim-paqen-e-qendrueshme-ne-lindjen-e-mesme\/","title":{"rendered":"Marr\u00ebveshja e Paqes p\u00ebr Gaz\u00ebn, reagon Presidenti Begaj: Moment historik, mb\u00ebshtesim paqen e q\u00ebndrueshme n\u00eb Lindjen e Mesme"},"content":{"rendered":"<p>Presidenti i Shqip\u00ebris\u00eb, Bajram Begaj ka vler\u00ebsuar Marr\u00ebveshjen e Paqes p\u00ebr Gaz\u00ebn t\u00eb firmosur n\u00eb Egjipt nga Presidenti amerikan Donald Trump dhe lider\u00eb t\u00eb tjer\u00eb shtetesh.<\/p>\n<p><em>\u201cFirmosja e Marr\u00ebveshjes s\u00eb Paqes p\u00ebr Gaz\u00ebn, sot n\u00eb Egjipt, e iniciuar, mb\u00ebshtetur dhe b\u00ebr\u00eb realitet nga Presidenti Trump, \u00ebsht\u00eb nj\u00eb moment historik p\u00ebr paqen dhe njer\u00ebzimin. Kjo marr\u00ebveshje sh\u00ebnon nj\u00eb pik\u00eb kthese, duke d\u00ebshmuar se diplomacia, dialogu dhe vizioni mund ta b\u00ebjn\u00eb t\u00eb pamundur\u00ebn realitet. Shqip\u00ebria q\u00ebndron krah t\u00eb gjitha kombeve q\u00eb kontribuojn\u00eb p\u00ebr paqe t\u00eb q\u00ebndrueshme n\u00eb Lindjen e Mesme, n\u00eb k\u00ebt\u00eb moment kaq t\u00eb r\u00ebnd\u00ebsish\u00ebm\u201d<\/em>, thot\u00eb Presidenti Begaj n\u00eb nj\u00eb mesazh n\u00eb rrjetin social X.<\/p>\n<p>Trump ishte sot n\u00eb Izrael dhe Egjipt, ku n\u00eb k\u00ebt\u00eb ndales\u00eb t\u00eb dyt\u00eb u firmos Marr\u00ebveshja e Paqes duke i dh\u00ebn\u00eb fund luft\u00ebs n\u00eb Lindjen e Mesme, mes Izraelit dhe Hamasit.<\/p>\n\n<p>The post <a href=\"https:\/\/gijotina.com\/marreveshja-e-paqes-per-gazen-reagon-presidenti-begaj-moment-historik-mbeshtesim-paqen-e-qendrueshme-ne-lindjen-e-mesme\/\">Marr\u00ebveshja e Paqes p\u00ebr Gaz\u00ebn, reagon Presidenti Begaj: Moment historik, mb\u00ebshtesim paqen e q\u00ebndrueshme n\u00eb Lindjen e Mesme<\/a> appeared first on <a href=\"https:\/\/gijotina.com\/\">GIJOTINA<\/a>.<\/p>","protected":false},"excerpt":{"rendered":"<p>Presidenti i Shqip\u00ebris\u00eb, Bajram Begaj ka vler\u00ebsuar Marr\u00ebveshjen e Paqes p\u00ebr Gaz\u00ebn t\u00eb firmosur n\u00eb Egjipt nga Presidenti amerikan Donald Trump dhe lider\u00eb t\u00eb tjer\u00eb shtetesh. \u201cFirmosja e Marr\u00ebveshjes s\u00eb Paqes p\u00ebr Gaz\u00ebn, sot n\u00eb Egjipt, e iniciuar, mb\u00ebshtetur dhe b\u00ebr\u00eb realitet nga Presidenti Trump, \u00ebsht\u00eb nj\u00eb moment historik p\u00ebr paqen dhe njer\u00ebzimin. Kjo marr\u00ebveshje [&hellip;]<\/p>\n","protected":false},"author":0,"featured_media":0,"comment_status":"open","ping_status":"open","sticky":false,"template":"","format":"standard","meta":{"footnotes":""},"categories":[1],"tags":[],"class_list":["post-46229","post","type-post","status-publish","format-standard","hentry","category-uncategorized"],"_links":{"self":[{"href":"https:\/\/zennihost.com\/test\/wp-json\/wp\/v2\/posts\/46229","targetHints":{"allow":["GET"]}}],"collection":[{"href":"https:\/\/zennihost.com\/test\/wp-json\/wp\/v2\/posts"}],"about":[{"href":"https:\/\/zennihost.com\/test\/wp-json\/wp\/v2\/types\/post"}],"replies":[{"embeddable":true,"href":"https:\/\/zennihost.com\/test\/wp-json\/wp\/v2\/comments?post=46229"}],"version-history":[{"count":0,"href":"https:\/\/zennihost.com\/test\/wp-json\/wp\/v2\/posts\/46229\/revisions"}],"wp:attachment":[{"href":"https:\/\/zennihost.com\/test\/wp-json\/wp\/v2\/media?parent=46229"}],"wp:term":[{"taxonomy":"category","embeddable":true,"href":"https:\/\/zennihost.com\/test\/wp-json\/wp\/v2\/categories?post=46229"},{"taxonomy":"post_tag","embeddable":true,"href":"https:\/\/zennihost.com\/test\/wp-json\/wp\/v2\/tags?post=46229"}],"curies":[{"name":"wp","href":"https:\/\/api.w.org\/{rel}","templated":true}]}}