{"id":46228,"date":"2025-10-13T20:48:16","date_gmt":"2025-10-13T20:48:16","guid":{"rendered":"https:\/\/zennihost.com\/test\/2025\/10\/13\/vucic-analizon-humbjen-serbia-nuk-ka-lojtare-si-gjimshiti-dhe-hysaj\/"},"modified":"2025-10-13T20:48:16","modified_gmt":"2025-10-13T20:48:16","slug":"vucic-analizon-humbjen-serbia-nuk-ka-lojtare-si-gjimshiti-dhe-hysaj","status":"publish","type":"post","link":"https:\/\/zennihost.com\/test\/2025\/10\/13\/vucic-analizon-humbjen-serbia-nuk-ka-lojtare-si-gjimshiti-dhe-hysaj\/","title":{"rendered":"Vu\u00e7i\u00e7 analizon humbjen, Serbia nuk ka lojtar\u00eb si Gjimshiti dhe Hysaj"},"content":{"rendered":"<p>\u201cMua v\u00ebrtet\u00eb nuk m\u00eb zuri gjumi nga humbja me Shqip\u00ebrin\u00eb, por nuk m\u00eb zuri gjumi se isha i trishtuar, jo sepse isha i zem\u00ebruar\u201d, k\u00ebshtu u shpreh presidenti i Serbis\u00eb, Aleksand\u00ebr Vu\u00e7i\u00e7 pas ndeshjes.<\/p>\n<p>Por m\u00eb pas ai ka hyr\u00eb n\u00eb analiz\u00eb teknike t\u00eb skuadr\u00ebs s\u00eb tij dhe nuk e ka fshehur admirimin p\u00ebr futbollist\u00ebt e komb\u00ebtares shqiptare.<\/p>\n<p><em>\u201cNe mendojm\u00eb se duhet t\u00eb fitojm\u00eb gjithmon\u00eb, por nuk \u00ebsht\u00eb k\u00ebshtu. P\u00ebr ta b\u00ebr\u00eb k\u00ebt\u00eb duhen lojtar\u00eb q\u00eb luajn\u00eb n\u00eb Lig\u00ebn e Kampioneve. Q\u00eb luajn\u00eb rregullisht aty\u201d<\/em>, ka shtuar Vu\u00e7i\u00e7.<\/p>\n<p><em>\u201cPor ne nuk kemi lojtar\u00eb q\u00eb luajn\u00eb aty rregullisht. Kemi vet\u00ebm Stankovi\u00e7in, djalin e Dejanit, se k\u00ebtij t\u00eb birit nuk ia di emrin. Kurse shqiptar\u00ebt kan\u00eb lojtar\u00eb q\u00eb luajn\u00eb te Lazio (Hysaj), kan\u00eb lojtar\u00eb q\u00eb luajn\u00eb te Atalanta (Gjimshiti) dhe jan\u00eb lojtar\u00eb q\u00eb kan\u00eb pesh\u00eb aty. Ne s\u2019kemi p\u00ebr momentin\u201d<\/em>, tha nd\u00ebr t\u00eb tjera presidenti i Serbis\u00eb<\/p>\n<p>The post <a href=\"https:\/\/gijotina.com\/vucic-analizon-humbjen-serbia-nuk-ka-lojtare-si-gjimshiti-dhe-hysaj\/\">Vu\u00e7i\u00e7 analizon humbjen, Serbia nuk ka lojtar\u00eb si Gjimshiti dhe Hysaj<\/a> appeared first on <a href=\"https:\/\/gijotina.com\/\">GIJOTINA<\/a>.<\/p>","protected":false},"excerpt":{"rendered":"<p>\u201cMua v\u00ebrtet\u00eb nuk m\u00eb zuri gjumi nga humbja me Shqip\u00ebrin\u00eb, por nuk m\u00eb zuri gjumi se isha i trishtuar, jo sepse isha i zem\u00ebruar\u201d, k\u00ebshtu u shpreh presidenti i Serbis\u00eb, Aleksand\u00ebr Vu\u00e7i\u00e7 pas ndeshjes. Por m\u00eb pas ai ka hyr\u00eb n\u00eb analiz\u00eb teknike t\u00eb skuadr\u00ebs s\u00eb tij dhe nuk e ka fshehur admirimin p\u00ebr futbollist\u00ebt [&hellip;]<\/p>\n","protected":false},"author":0,"featured_media":0,"comment_status":"open","ping_status":"open","sticky":false,"template":"","format":"standard","meta":{"footnotes":""},"categories":[1],"tags":[],"class_list":["post-46228","post","type-post","status-publish","format-standard","hentry","category-uncategorized"],"_links":{"self":[{"href":"https:\/\/zennihost.com\/test\/wp-json\/wp\/v2\/posts\/46228","targetHints":{"allow":["GET"]}}],"collection":[{"href":"https:\/\/zennihost.com\/test\/wp-json\/wp\/v2\/posts"}],"about":[{"href":"https:\/\/zennihost.com\/test\/wp-json\/wp\/v2\/types\/post"}],"replies":[{"embeddable":true,"href":"https:\/\/zennihost.com\/test\/wp-json\/wp\/v2\/comments?post=46228"}],"version-history":[{"count":0,"href":"https:\/\/zennihost.com\/test\/wp-json\/wp\/v2\/posts\/46228\/revisions"}],"wp:attachment":[{"href":"https:\/\/zennihost.com\/test\/wp-json\/wp\/v2\/media?parent=46228"}],"wp:term":[{"taxonomy":"category","embeddable":true,"href":"https:\/\/zennihost.com\/test\/wp-json\/wp\/v2\/categories?post=46228"},{"taxonomy":"post_tag","embeddable":true,"href":"https:\/\/zennihost.com\/test\/wp-json\/wp\/v2\/tags?post=46228"}],"curies":[{"name":"wp","href":"https:\/\/api.w.org\/{rel}","templated":true}]}}