{"id":46227,"date":"2025-10-13T20:48:16","date_gmt":"2025-10-13T20:48:16","guid":{"rendered":"https:\/\/zennihost.com\/test\/2025\/10\/13\/noka-per-largimet-nga-pd-jane-renegate-demokratet-e-vertete-luftojne-narkoshtetin-e-rames\/"},"modified":"2025-10-13T20:48:16","modified_gmt":"2025-10-13T20:48:16","slug":"noka-per-largimet-nga-pd-jane-renegate-demokratet-e-vertete-luftojne-narkoshtetin-e-rames","status":"publish","type":"post","link":"https:\/\/zennihost.com\/test\/2025\/10\/13\/noka-per-largimet-nga-pd-jane-renegate-demokratet-e-vertete-luftojne-narkoshtetin-e-rames\/","title":{"rendered":"Noka p\u00ebr largimet nga PD: Jan\u00eb renegat\u00eb, demokrat\u00ebt e v\u00ebrtet\u00eb luftojn\u00eb narkoshtetin e Ram\u00ebs"},"content":{"rendered":"<p>Sekretari i P\u00ebrgjithsh\u00ebm i Partis\u00eb Demokratike, Flamur Noka, ka reaguar pas lajmit p\u00ebr largimin e dy an\u00ebtar\u00ebve t\u00eb Kryesis\u00eb s\u00eb PD-s\u00eb, t\u00eb cil\u00ebt jan\u00eb em\u00ebruar n\u00eb poste n\u00eb administrat\u00ebn e qeveris\u00eb nga kryeministri Edi Rama.<\/p>\n<p>N\u00eb nj\u00eb intervist\u00eb p\u00ebr emisionin \u201cOff the Record\u201d n\u00eb A2 CNN, Noka i quajti ata \u201crenegat\u00eb\u201d, duke theksuar se demokrat\u00ebt e v\u00ebrtet\u00eb kan\u00eb nj\u00eb mision t\u00eb vet\u00ebm\u00a0 rr\u00ebzimin e \u201cregjimit t\u00eb narkosit\u201d.<\/p>\n<p>\u201c<em>Demokrat\u00ebt kan\u00eb vet\u00ebm nj\u00eb q\u00ebllim\u00a0 t\u00eb shkat\u00ebrrojn\u00eb k\u00ebshtjell\u00ebn e narkosit q\u00eb ngriti Lali Vjedh\u00ebsi. Demokrat\u00ebt jan\u00eb ndryshe nga rilindasit, ata e kuptojn\u00eb m\u00eb mir\u00eb se kushdo tjet\u00ebr. Flas p\u00ebr demokrat\u00ebt, jo p\u00ebr renegat\u00ebt. Synimi i tyre \u00ebsht\u00eb rr\u00ebzimi i narkosit dhe institucionalizimi i vot\u00ebs s\u00eb lir\u00eb,<\/em>\u201d tha Noka.<\/p>\n<p>Sipas tij, \u201cdemokrat\u00ebt jan\u00eb misionar\u00eb q\u00eb nuk dor\u00ebzohen derisa t\u00eb arrijn\u00eb q\u00ebllimin\u201d, duke n\u00ebnvizuar se \u00e7do akt tradhtie ndaj partis\u00eb tregon munges\u00eb parimesh, jo forc\u00eb politike.<\/p>\n<p>Nj\u00eb nga emrat q\u00eb \u00ebsht\u00eb larguar nga PD \u00ebsht\u00eb Megi Balliu, an\u00ebtare e Kryesis\u00eb s\u00eb Partis\u00eb Demokratike, e cila i \u00ebsht\u00eb bashkuar Agjencis\u00eb Komb\u00ebtare t\u00eb Rinis\u00eb.<\/p>\n<p>Gjithashtu disa muaj m\u00eb par\u00eb Genc Deromemaj ish-kryetari i Partis\u00eb Demokratike n\u00eb deg\u00ebn e Vlor\u00ebs \u00ebsht\u00eb em\u00ebruar n\u00eb krye t\u00eb Kadastr\u00ebs s\u00eb Vlor\u00ebs.<\/p>\n<p>The post <a href=\"https:\/\/gijotina.com\/noka-per-largimet-nga-pd-jane-renegate-demokratet-e-vertete-luftojne-narkoshtetin-e-rames\/\">Noka p\u00ebr largimet nga PD: Jan\u00eb renegat\u00eb, demokrat\u00ebt e v\u00ebrtet\u00eb luftojn\u00eb narkoshtetin e Ram\u00ebs<\/a> appeared first on <a href=\"https:\/\/gijotina.com\/\">GIJOTINA<\/a>.<\/p>","protected":false},"excerpt":{"rendered":"<p>Sekretari i P\u00ebrgjithsh\u00ebm i Partis\u00eb Demokratike, Flamur Noka, ka reaguar pas lajmit p\u00ebr largimin e dy an\u00ebtar\u00ebve t\u00eb Kryesis\u00eb s\u00eb PD-s\u00eb, t\u00eb cil\u00ebt jan\u00eb em\u00ebruar n\u00eb poste n\u00eb administrat\u00ebn e qeveris\u00eb nga kryeministri Edi Rama. N\u00eb nj\u00eb intervist\u00eb p\u00ebr emisionin \u201cOff the Record\u201d n\u00eb A2 CNN, Noka i quajti ata \u201crenegat\u00eb\u201d, duke theksuar se demokrat\u00ebt [&hellip;]<\/p>\n","protected":false},"author":0,"featured_media":0,"comment_status":"open","ping_status":"open","sticky":false,"template":"","format":"standard","meta":{"footnotes":""},"categories":[1],"tags":[],"class_list":["post-46227","post","type-post","status-publish","format-standard","hentry","category-uncategorized"],"_links":{"self":[{"href":"https:\/\/zennihost.com\/test\/wp-json\/wp\/v2\/posts\/46227","targetHints":{"allow":["GET"]}}],"collection":[{"href":"https:\/\/zennihost.com\/test\/wp-json\/wp\/v2\/posts"}],"about":[{"href":"https:\/\/zennihost.com\/test\/wp-json\/wp\/v2\/types\/post"}],"replies":[{"embeddable":true,"href":"https:\/\/zennihost.com\/test\/wp-json\/wp\/v2\/comments?post=46227"}],"version-history":[{"count":0,"href":"https:\/\/zennihost.com\/test\/wp-json\/wp\/v2\/posts\/46227\/revisions"}],"wp:attachment":[{"href":"https:\/\/zennihost.com\/test\/wp-json\/wp\/v2\/media?parent=46227"}],"wp:term":[{"taxonomy":"category","embeddable":true,"href":"https:\/\/zennihost.com\/test\/wp-json\/wp\/v2\/categories?post=46227"},{"taxonomy":"post_tag","embeddable":true,"href":"https:\/\/zennihost.com\/test\/wp-json\/wp\/v2\/tags?post=46227"}],"curies":[{"name":"wp","href":"https:\/\/api.w.org\/{rel}","templated":true}]}}