{"id":46224,"date":"2025-10-13T19:38:15","date_gmt":"2025-10-13T19:38:15","guid":{"rendered":"https:\/\/zennihost.com\/test\/2025\/10\/13\/bremer-gjuri-nuk-mban-e-duhet-ti-nenshtrohet-operacionit-goditje-e-rende-per-juven\/"},"modified":"2025-10-13T19:38:15","modified_gmt":"2025-10-13T19:38:15","slug":"bremer-gjuri-nuk-mban-e-duhet-ti-nenshtrohet-operacionit-goditje-e-rende-per-juven","status":"publish","type":"post","link":"https:\/\/zennihost.com\/test\/2025\/10\/13\/bremer-gjuri-nuk-mban-e-duhet-ti-nenshtrohet-operacionit-goditje-e-rende-per-juven\/","title":{"rendered":"Bremer, gjuri nuk mban e duhet t\u2019i n\u00ebnshtrohet operacionit: goditje e r\u00ebnd\u00eb p\u00ebr Juven"},"content":{"rendered":"<p>Gleison Bremer \u00ebsht\u00eb i detyruar t\u2019i n\u00ebnshtrohet nj\u00eb operacioni p\u00ebr nj\u00eb d\u00ebmtim t\u00eb meniskut medial n\u00eb gjurin e majt\u00eb, t\u00eb nj\u00ebjtin p\u00ebr t\u00eb cilin iu desh t\u00eb futej n\u00ebn bisturi nj\u00eb vit m\u00eb par\u00eb p\u00ebr shkak t\u00eb d\u00ebmtimit t\u00eb r\u00ebnd\u00eb (k\u00ebputje e ligamentit t\u00eb kryq\u00ebzuar) t\u00eb p\u00ebsuar ndaj Leipzig. Pik\u00ebrisht Juventusi ka b\u00ebr\u00eb t\u00eb ditur lajmin e diagnoz\u00ebs pas konsult\u00ebs mjek\u00ebsore t\u00eb kryer nga qend\u00ebrmbrojt\u00ebsi brazilian, koh\u00ebt e rikuperimit t\u00eb t\u00eb cilit vler\u00ebsohen rreth dy muaj, ose ndoshta edhe pak m\u00eb shum\u00eb.<\/p>\n<p>Megjithat\u00eb, vet\u00ebm pas nd\u00ebrhyrjes kirurgjikale do t\u00eb ket\u00eb nj\u00eb pamje m\u00eb t\u00eb qart\u00eb t\u00eb situat\u00ebs, mes faz\u00ebs s\u00eb rehabilitimit dhe momentit kur ai do t\u00eb jet\u00eb s\u00ebrish realisht n\u00eb dispozicion. Pas operacionit, do t\u00eb duhen rreth dy jav\u00eb p\u00ebr t\u00eb ecur pa paterica, nga 4 deri n\u00eb 6 jav\u00eb p\u00ebr t\u2019u rikthyer n\u00eb st\u00ebrvitje t\u00eb lehta dhe 6\u20138 jav\u00eb p\u00ebr t\u2019u rikthyer n\u00eb fush\u00eb. Nj\u00eb goditje e r\u00ebnd\u00eb p\u00ebr bardhezinjt\u00eb dhe p\u00ebr trajnerin Igor Tudor, q\u00eb humbasin mbrojt\u00ebsin e tyre t\u00eb fort\u00eb qendror n\u00eb nj\u00eb faz\u00eb vendimtare t\u00eb sezonit, mes kampionatit dhe Champions League.<\/p>\n<p>K\u00ebt\u00eb m\u00ebngjes, n\u00eb Lion, Gleison Bremer iu n\u00ebnshtrua nj\u00eb konsultimi mjek\u00ebsor nga doktori Sonnery-Cottet, i cili konstatoi nj\u00eb d\u00ebmtim t\u00eb meniskut medial t\u00eb gjurit t\u00eb majt\u00eb. N\u00eb or\u00ebt n\u00eb vijim, lojtari do t\u2019i n\u00ebnshtrohet nj\u00eb nd\u00ebrhyrjeje t\u00eb menisektomis\u00eb artroskopike selektive.<\/p>\n<h4>Lexo m\u00eb tej:\u00a0<a href=\"https:\/\/lapsi.al\/2025\/07\/15\/juventus-bremer-eshte-gati-per-sezonin-e-ri-airbremer-kthehet-te-fluturoje\/\">Juventus, Bremer \u00ebsht\u00eb gati p\u00ebr sezonin e ri: \u201cAirBremer kthehet t\u00eb fluturoj\u00eb\u201d<\/a><\/h4>\n<p>Mendimi i specialistit konfirmoi k\u00ebshtu ndjesit\u00eb e k\u00ebqija q\u00eb kishin dal\u00eb n\u00eb dit\u00ebt e fundit: Bremer kishte munguar si n\u00eb ndeshjen e Champions League kund\u00ebr Villarrealit, ashtu edhe n\u00eb at\u00eb t\u00eb kampionatit kund\u00ebr Milanit (n\u00eb t\u00eb dyja rastet ishte Rugani q\u00eb e kishte z\u00ebvend\u00ebsuar), p\u00ebr shkak t\u00eb nj\u00eb shqet\u00ebsimi n\u00eb gjurin e majt\u00eb q\u00eb m\u00eb pas rezultoi paralajm\u00ebrues i nj\u00eb operacioni t\u00eb ri. Ishte pik\u00ebrisht ai q\u00eb k\u00ebrkoi t\u00eb z\u00ebvend\u00ebsohej n\u00eb ndeshjen kund\u00ebr Atalant\u00ebs: ndjeu di\u00e7ka n\u00eb nyje dhe preferoi t\u00eb largohej p\u00ebrpara se gjendja t\u00eb p\u00ebrkeq\u00ebsohej. Pushimi i kampionatit ishte dukur periudha ideale p\u00ebr t\u2019u rikuperuar (ish-lojtari i Torinos nuk ishte grumbulluar as nga Brazili p\u00ebr miq\u00ebsoret me Koren\u00eb e Jugut dhe Japonin\u00eb), por p\u00ebrkundrazi, u shnd\u00ebrrua n\u00eb etap\u00ebn e radh\u00ebs t\u00eb kalvarit t\u00eb tij.<\/p>\n<h4>Koh\u00ebt e rikuperimit dhe ndeshjet q\u00eb do t\u00eb humbas\u00eb<\/h4>\n<p>Duke llogaritur nj\u00eb periudh\u00eb rikuperimi prej rreth dy muajsh, pa harruar edhe pushimin e fundit t\u00eb kampionatit t\u00eb parashikuar n\u00eb mesin e n\u00ebntorit, Bremer nuk do t\u00eb mund t\u00eb jet\u00eb s\u00ebrish n\u00eb dispozicion para dhjetorit ose, madje, janarit 2026. Por p\u00ebr sa dhe cilat ndeshje do t\u2019i duhet Juventusit t\u00eb b\u00ebj\u00eb pa t\u00eb, edhe nj\u00eb her\u00eb?<\/p>\n<p>Bollettino medico | Intervento al ginocchio per Gleison Bremer<\/p>\n<p>\u2014 JuventusFC (@juventusfc) <a href=\"https:\/\/twitter.com\/juventusfc\/status\/1977703741710340261?ref_src=twsrc%5Etfw\">October 13, 2025<\/a><\/p>\n\n<p>N\u00eb Serie A, ai nuk do t\u00eb jet\u00eb kund\u00ebr Como-s (19 tetor), Lazios (26 tetor), Udineses (29 tetor), Cremoneses (1 n\u00ebntor), Torinos (8 n\u00ebntor), Fiorentin\u00ebs (22 n\u00ebntor), Cagliarit (29 n\u00ebntor) dhe \u2013 me shum\u00eb gjas\u00eb \u2013 edhe kund\u00ebr Napolit (7 dhjetor) dhe Bologn\u00ebs (14 dhjetor). N\u00eb rastin m\u00eb t\u00eb mir\u00eb, mund t\u00eb kthehet m\u00eb 20 dhjetor kund\u00ebr Rom\u00ebs ose m\u00eb 27 dhjetor kund\u00ebr Pis\u00ebs. P\u00ebrndryshe, gjith\u00e7ka do t\u00eb shtyhet p\u00ebr n\u00eb vitin e ri: ndeshja e par\u00eb e mundshme \u00ebsht\u00eb m\u00eb 3 janar kund\u00ebr Lecces. N\u00eb k\u00ebt\u00eb periudh\u00eb p\u00ebrfshihet edhe sfida e 1\/8-ave t\u00eb Kup\u00ebs s\u00eb Italis\u00eb (2 dhjetor, kund\u00ebr Udineses).<\/p>\n<p>Nuk ka Champions p\u00ebr Bremer, i cili do t\u00eb humbas\u00eb sfid\u00ebn kund\u00ebr Real Madridit (22 tetor), Sportingu (4 n\u00ebntor), Bodo Glimt (25 n\u00ebntor), Pafos (10 dhjetor). Nuk p\u00ebrjashtohet mund\u00ebsia q\u00eb t\u00eb jet\u00eb gati p\u00ebr m\u00eb 21 janar, kur bardhezinjt\u00eb do t\u00eb p\u00ebrballen me Benfik\u00ebn.<\/p>\n<p>The post <a href=\"https:\/\/lapsi.al\/2025\/10\/13\/bremer-gjuri-nuk-mban-e-duhet-ti-nenshtrohet-operacionit-goditje-e-rende-per-juven\/\">Bremer, gjuri nuk mban e duhet t\u2019i n\u00ebnshtrohet operacionit: goditje e r\u00ebnd\u00eb p\u00ebr Juven<\/a> appeared first on <a href=\"https:\/\/lapsi.al\/\">Lapsi.al<\/a>.<\/p>","protected":false},"excerpt":{"rendered":"<p>Gleison Bremer \u00ebsht\u00eb i detyruar t\u2019i n\u00ebnshtrohet nj\u00eb operacioni p\u00ebr nj\u00eb d\u00ebmtim t\u00eb meniskut medial n\u00eb gjurin e majt\u00eb, t\u00eb nj\u00ebjtin p\u00ebr t\u00eb cilin iu desh t\u00eb futej n\u00ebn bisturi nj\u00eb vit m\u00eb par\u00eb p\u00ebr shkak t\u00eb d\u00ebmtimit t\u00eb r\u00ebnd\u00eb (k\u00ebputje e ligamentit t\u00eb kryq\u00ebzuar) t\u00eb p\u00ebsuar ndaj Leipzig. Pik\u00ebrisht Juventusi ka b\u00ebr\u00eb t\u00eb ditur [&hellip;]<\/p>\n","protected":false},"author":0,"featured_media":0,"comment_status":"open","ping_status":"open","sticky":false,"template":"","format":"standard","meta":{"footnotes":""},"categories":[1],"tags":[],"class_list":["post-46224","post","type-post","status-publish","format-standard","hentry","category-uncategorized"],"_links":{"self":[{"href":"https:\/\/zennihost.com\/test\/wp-json\/wp\/v2\/posts\/46224","targetHints":{"allow":["GET"]}}],"collection":[{"href":"https:\/\/zennihost.com\/test\/wp-json\/wp\/v2\/posts"}],"about":[{"href":"https:\/\/zennihost.com\/test\/wp-json\/wp\/v2\/types\/post"}],"replies":[{"embeddable":true,"href":"https:\/\/zennihost.com\/test\/wp-json\/wp\/v2\/comments?post=46224"}],"version-history":[{"count":0,"href":"https:\/\/zennihost.com\/test\/wp-json\/wp\/v2\/posts\/46224\/revisions"}],"wp:attachment":[{"href":"https:\/\/zennihost.com\/test\/wp-json\/wp\/v2\/media?parent=46224"}],"wp:term":[{"taxonomy":"category","embeddable":true,"href":"https:\/\/zennihost.com\/test\/wp-json\/wp\/v2\/categories?post=46224"},{"taxonomy":"post_tag","embeddable":true,"href":"https:\/\/zennihost.com\/test\/wp-json\/wp\/v2\/tags?post=46224"}],"curies":[{"name":"wp","href":"https:\/\/api.w.org\/{rel}","templated":true}]}}