{"id":46223,"date":"2025-10-13T19:40:29","date_gmt":"2025-10-13T19:40:29","guid":{"rendered":"https:\/\/zennihost.com\/test\/2025\/10\/13\/shqiptari-hyn-ilegalisht-pas-debimit-ne-prill-italia-e-rikthen-serish-ne-tirane\/"},"modified":"2025-10-13T19:40:29","modified_gmt":"2025-10-13T19:40:29","slug":"shqiptari-hyn-ilegalisht-pas-debimit-ne-prill-italia-e-rikthen-serish-ne-tirane","status":"publish","type":"post","link":"https:\/\/zennihost.com\/test\/2025\/10\/13\/shqiptari-hyn-ilegalisht-pas-debimit-ne-prill-italia-e-rikthen-serish-ne-tirane\/","title":{"rendered":"Shqiptari hyn ilegalisht pas d\u00ebbimit n\u00eb prill, Italia e rikthen s\u00ebrish n\u00eb Tiran\u00eb"},"content":{"rendered":"<p><span>Zyra e Imigracionit n\u00eb Shtabin e Policis\u00eb s\u00eb Astit ka kapur nj\u00eb shqiptar, i cili ishte d\u00ebbuar nga Italia prillin e kaluar dhe kishte rihyr\u00eb ilegalisht n\u00eb vend.<\/span><\/p>\n<p><span>Autoritetet zbuluan se ai ishte kthyer ilegalisht n\u00eb Itali n\u00eb tetor, teksa u ndalua gjat\u00eb kontrolleve t\u00eb posa\u00e7me dhe u arrestua i akuzuar p\u00ebr imigracion t\u00eb paligjsh\u00ebm.<\/span><\/p>\n<p><span><em>\u201cN\u00eb ekzekutim t\u00eb urdhrit t\u00eb d\u00ebbimit sipas nenit 13, paragrafi 13 i Dekretit Legjislativ 286\/98 dhe dekretit p\u00ebr shoq\u00ebrimin n\u00eb kufi t\u00eb l\u00ebshuar nga Shefi i Policis\u00eb s\u00eb Astit, personeli i Zyr\u00ebs s\u00eb Imigracionit shoq\u00ebroi me forc\u00eb shtetasin shqiptar n\u00eb Aeroportin e Milanos Malpensa, nga ku ai u riatdhesua n\u00eb vendin e tij t\u00eb origjin\u00ebs<\/em>\u201d, \u2013 <a href=\"https:\/\/questure.poliziadistato.it\/it\/Asti\/articolo\/342068ecd72e188bb635354014\">njoftuan autoritetet<\/a> p\u00ebr rastin.<\/span><\/p>\n<p><span>Nuk u dhan\u00eb detaje p\u00ebr t\u00eb kaluar\u00ebn e shqiptarit, n\u00ebse kishte qen\u00eb i d\u00ebnuar apo akuzuar m\u00eb par\u00eb p\u00ebr krime t\u00eb r\u00ebnda, q\u00eb kishin sjell\u00eb edhe d\u00ebbimin. \/LAPSI.al<\/span><\/p>\n<p>The post <a href=\"https:\/\/lapsi.al\/2025\/10\/13\/shqiptari-hyn-ilegalisht-pas-debimit-ne-prill-italia-e-rikthen-serish-ne-tirane\/\">Shqiptari hyn ilegalisht pas d\u00ebbimit n\u00eb prill, Italia e rikthen s\u00ebrish n\u00eb Tiran\u00eb<\/a> appeared first on <a href=\"https:\/\/lapsi.al\/\">Lapsi.al<\/a>.<\/p>","protected":false},"excerpt":{"rendered":"<p>Zyra e Imigracionit n\u00eb Shtabin e Policis\u00eb s\u00eb Astit ka kapur nj\u00eb shqiptar, i cili ishte d\u00ebbuar nga Italia prillin e kaluar dhe kishte rihyr\u00eb ilegalisht n\u00eb vend. Autoritetet zbuluan se ai ishte kthyer ilegalisht n\u00eb Itali n\u00eb tetor, teksa u ndalua gjat\u00eb kontrolleve t\u00eb posa\u00e7me dhe u arrestua i akuzuar p\u00ebr imigracion t\u00eb paligjsh\u00ebm. [&hellip;]<\/p>\n","protected":false},"author":0,"featured_media":0,"comment_status":"open","ping_status":"open","sticky":false,"template":"","format":"standard","meta":{"footnotes":""},"categories":[1],"tags":[],"class_list":["post-46223","post","type-post","status-publish","format-standard","hentry","category-uncategorized"],"_links":{"self":[{"href":"https:\/\/zennihost.com\/test\/wp-json\/wp\/v2\/posts\/46223","targetHints":{"allow":["GET"]}}],"collection":[{"href":"https:\/\/zennihost.com\/test\/wp-json\/wp\/v2\/posts"}],"about":[{"href":"https:\/\/zennihost.com\/test\/wp-json\/wp\/v2\/types\/post"}],"replies":[{"embeddable":true,"href":"https:\/\/zennihost.com\/test\/wp-json\/wp\/v2\/comments?post=46223"}],"version-history":[{"count":0,"href":"https:\/\/zennihost.com\/test\/wp-json\/wp\/v2\/posts\/46223\/revisions"}],"wp:attachment":[{"href":"https:\/\/zennihost.com\/test\/wp-json\/wp\/v2\/media?parent=46223"}],"wp:term":[{"taxonomy":"category","embeddable":true,"href":"https:\/\/zennihost.com\/test\/wp-json\/wp\/v2\/categories?post=46223"},{"taxonomy":"post_tag","embeddable":true,"href":"https:\/\/zennihost.com\/test\/wp-json\/wp\/v2\/tags?post=46223"}],"curies":[{"name":"wp","href":"https:\/\/api.w.org\/{rel}","templated":true}]}}