{"id":46222,"date":"2025-10-13T19:48:20","date_gmt":"2025-10-13T19:48:20","guid":{"rendered":"https:\/\/zennihost.com\/test\/2025\/10\/13\/armepushimi-ne-gaza-eurovision-pezullon-votimin-per-pjesemarrjen-e-izraelit-ne-gare\/"},"modified":"2025-10-13T19:48:20","modified_gmt":"2025-10-13T19:48:20","slug":"armepushimi-ne-gaza-eurovision-pezullon-votimin-per-pjesemarrjen-e-izraelit-ne-gare","status":"publish","type":"post","link":"https:\/\/zennihost.com\/test\/2025\/10\/13\/armepushimi-ne-gaza-eurovision-pezullon-votimin-per-pjesemarrjen-e-izraelit-ne-gare\/","title":{"rendered":"Arm\u00ebpushimi n\u00eb Gaza, Eurovision pezullon votimin p\u00ebr pjes\u00ebmarrjen e Izraelit n\u00eb gar\u00eb"},"content":{"rendered":"<p>Organizator\u00ebt e Festivalit t\u00eb K\u00ebng\u00ebs Eurovision njoftuan t\u00eb h\u00ebn\u00ebn se takimi online i planifikuar p\u00ebr n\u00eb n\u00ebntor p\u00ebr t\u00eb votuar mbi pjes\u00ebmarrjen e Izraelit nuk do t\u00eb mbahet, pas zhvillimeve t\u00eb fundit n\u00eb Lindjen e Mesme dhe pas marr\u00ebveshjes s\u00eb arm\u00ebpushimit n\u00eb Gaza.<\/p>\n<p>Austria, q\u00eb do t\u00eb pres\u00eb konkursin e vitit 2026 n\u00eb Vjen\u00eb, kishte b\u00ebr\u00eb thirrje q\u00eb vendet pjes\u00ebmarr\u00ebse t\u00eb mos bojkotonin gar\u00ebn p\u00ebr shkak t\u00eb pjes\u00ebmarrjes s\u00eb Izraelit, pavar\u00ebsisht shqet\u00ebsimeve lidhur me konfliktin dyvje\u00e7ar n\u00eb Gaza.<br \/>\nEurovision ka qen\u00eb n\u00eb qend\u00ebr t\u00eb polemikave k\u00ebt\u00eb vit, me disa vende q\u00eb kishin paralajm\u00ebruar t\u00eb t\u00ebrhiqeshin n\u00ebse Izraeli merrte pjes\u00eb. Transmetuesi shtet\u00ebror austriak, q\u00eb do t\u00eb organizoj\u00eb konkursin, e mir\u00ebpriti vendimin e organizat\u00ebs evropiane t\u00eb transmetuesve publik\u00eb, EBU.<\/p>\n<p>Sipas deklarat\u00ebs s\u00eb EBU-s\u00eb, \u201cK\u00ebshilli ra dakord q\u00eb \u00e7\u00ebshtja t\u00eb p\u00ebrfshihet n\u00eb axhend\u00ebn e Asambles\u00eb s\u00eb P\u00ebrgjithshme t\u00eb Dimrit, e cila do t\u00eb mbahet n\u00eb dhjetor\u201d, duke z\u00ebvend\u00ebsuar takimin e jasht\u00ebzakonsh\u00ebm online t\u00eb planifikuar p\u00ebr n\u00eb n\u00ebntor. P\u00ebr shkak t\u00eb \u201czhvillimeve t\u00eb fundit n\u00eb Lindjen e Mesme\u201d, K\u00ebshilli Ekzekutiv vendosi q\u00eb diskutimi mbi pjes\u00ebmarrjen e Izraelit n\u00eb Eurovision 2026 t\u00eb zhvillohet personalisht midis an\u00ebtar\u00ebve.<\/p>\n<p>EBU nuk ka dh\u00ebn\u00eb detaje se kur mund t\u00eb mbahet votimi p\u00ebr pjes\u00ebmarrjen e rrjetit izraelit KAN, duke njoftuar se informacioni i m\u00ebtejsh\u00ebm do t\u00eb publikohet n\u00eb jav\u00ebt n\u00eb vijim.<\/p>\n<p>The post <a href=\"https:\/\/lexo.al\/2025\/10\/armepushimi-ne-gaza-eurovision-pezullon-votimin-per-pjesemarrjen-e-izraelit-ne-gare\/\">Arm\u00ebpushimi n\u00eb Gaza, Eurovision pezullon votimin p\u00ebr pjes\u00ebmarrjen e Izraelit n\u00eb gar\u00eb<\/a> appeared first on <a href=\"https:\/\/lexo.al\/\">www.lexo.al<\/a>.<\/p>","protected":false},"excerpt":{"rendered":"<p>Organizator\u00ebt e Festivalit t\u00eb K\u00ebng\u00ebs Eurovision njoftuan t\u00eb h\u00ebn\u00ebn se takimi online i planifikuar p\u00ebr n\u00eb n\u00ebntor p\u00ebr t\u00eb votuar mbi pjes\u00ebmarrjen e Izraelit nuk do t\u00eb mbahet, pas zhvillimeve t\u00eb fundit n\u00eb Lindjen e Mesme dhe pas marr\u00ebveshjes s\u00eb arm\u00ebpushimit n\u00eb Gaza. Austria, q\u00eb do t\u00eb pres\u00eb konkursin e vitit 2026 n\u00eb Vjen\u00eb, kishte [&hellip;]<\/p>\n","protected":false},"author":0,"featured_media":0,"comment_status":"open","ping_status":"open","sticky":false,"template":"","format":"standard","meta":{"footnotes":""},"categories":[1],"tags":[],"class_list":["post-46222","post","type-post","status-publish","format-standard","hentry","category-uncategorized"],"_links":{"self":[{"href":"https:\/\/zennihost.com\/test\/wp-json\/wp\/v2\/posts\/46222","targetHints":{"allow":["GET"]}}],"collection":[{"href":"https:\/\/zennihost.com\/test\/wp-json\/wp\/v2\/posts"}],"about":[{"href":"https:\/\/zennihost.com\/test\/wp-json\/wp\/v2\/types\/post"}],"replies":[{"embeddable":true,"href":"https:\/\/zennihost.com\/test\/wp-json\/wp\/v2\/comments?post=46222"}],"version-history":[{"count":0,"href":"https:\/\/zennihost.com\/test\/wp-json\/wp\/v2\/posts\/46222\/revisions"}],"wp:attachment":[{"href":"https:\/\/zennihost.com\/test\/wp-json\/wp\/v2\/media?parent=46222"}],"wp:term":[{"taxonomy":"category","embeddable":true,"href":"https:\/\/zennihost.com\/test\/wp-json\/wp\/v2\/categories?post=46222"},{"taxonomy":"post_tag","embeddable":true,"href":"https:\/\/zennihost.com\/test\/wp-json\/wp\/v2\/tags?post=46222"}],"curies":[{"name":"wp","href":"https:\/\/api.w.org\/{rel}","templated":true}]}}