{"id":46221,"date":"2025-10-13T19:48:18","date_gmt":"2025-10-13T19:48:18","guid":{"rendered":"https:\/\/zennihost.com\/test\/2025\/10\/13\/ina-zhupa-skandal-via-egnatia-qenka-shkaterruar-me-miratim-nga-instituti-i-trashegimise-kulturore\/"},"modified":"2025-10-13T19:48:18","modified_gmt":"2025-10-13T19:48:18","slug":"ina-zhupa-skandal-via-egnatia-qenka-shkaterruar-me-miratim-nga-instituti-i-trashegimise-kulturore","status":"publish","type":"post","link":"https:\/\/zennihost.com\/test\/2025\/10\/13\/ina-zhupa-skandal-via-egnatia-qenka-shkaterruar-me-miratim-nga-instituti-i-trashegimise-kulturore\/","title":{"rendered":"Ina Zhupa: Skandal, Via Egnatia qenka shkat\u00ebrruar me miratim nga Instituti i Trash\u00ebgimis\u00eb Kulturore!!"},"content":{"rendered":"<p>Kryetarja e Komisionit t\u00eb Kultur\u00ebs, Turizmit Ina Zhupa gjat\u00eb d\u00ebgjes\u00ebs me drejtoresh\u00ebn e IKTK, Joli Mitrojorgji e ka pyetur n\u00eb lidhje me asfaltimin e ber\u00eb n\u00eb Via Egnatia.<\/p>\n<p>N\u00eb video e shp\u00ebrndar\u00eb nga Zhupa, drejtoresha pranon se i kan\u00eb dh\u00ebn\u00eb miratim projektit si dicka brenda parametrave.<\/p>\n<p>Ina Zhupa e konsideron k\u00ebt\u00eb nj\u00eb skandal. Ajo shprehet se: \u201cKy pranim \u00ebsht\u00eb trondit\u00ebs. Tregon qart\u00eb pap\u00ebrgjegjshm\u00ebri t\u00eb thell\u00eb institucionale ndaj trash\u00ebgimis\u00eb son\u00eb kulturore. Nd\u00ebrkoh\u00eb q\u00eb ne kemi k\u00ebrkuar mbrojtje institucionale, restaurim sipas standardeve nd\u00ebrkomb\u00ebtare dhe heqjen e \u00e7do nd\u00ebrhyrjeje t\u00eb paligjshme q\u00eb deformon vlerat e rrug\u00ebs s\u00eb lasht\u00eb, duke e denoncuar si produkt t\u00eb nj\u00eb injorance dhe arrogance lokale, nd\u00ebrkoh\u00eb kjo qenka \u201cmbrojtja\u201d q\u00eb i ka dh\u00ebn\u00eb IKTK trash\u00ebgimis\u00eb son\u00eb p\u00ebr \u201ct\u2019i shtuar vler\u00ebn\u201d!!!\u201d<\/p>\n<p>Reagimi i plot\u00eb i Ina Zhup\u00ebs<\/p>\n<p>Skandal!<\/p>\n<p>Institucione t\u00eb pap\u00ebrgjegjshme dhe t\u00eb paafta. Drejtoresha e IKTK-s\u00eb pranon se Asfaltimi i Via Egnatia-s \u00ebsht\u00eb b\u00ebr\u00eb me miratimin e tyre!<\/p>\n<p>Sot, n\u00eb Komisionin e Kultur\u00ebs, Turizmit dhe Diaspor\u00ebs, gjat\u00eb nj\u00eb seance d\u00ebgjimore me p\u00ebrfaq\u00ebsues t\u00eb IKTK-s\u00eb, b\u00ebra pyetje t\u00eb drejtp\u00ebrdrejta mbi nd\u00ebrhyrjen skandaloze n\u00eb rrug\u00ebn historike t\u00eb Via Egnatia-s:<br \/>\nA ka aplikuar bashkia p\u00ebr k\u00ebt\u00eb projekt?<br \/>\nA e keni par\u00eb dhe miratuar ju k\u00ebt\u00eb nd\u00ebrhyrje?<\/p>\n<p>P\u00ebrgjigjja e drejtoresh\u00ebs ishte po: e kemi par\u00eb, e kemi miratuar dhe sipas saj, nuk ka asnj\u00eb problem.<\/p>\n<p>Ky pranim \u00ebsht\u00eb trondit\u00ebs. Tregon qart\u00eb pap\u00ebrgjegjshm\u00ebri t\u00eb thell\u00eb institucionale ndaj trash\u00ebgimis\u00eb son\u00eb kulturore. Rruga e Via Egnatia-s nuk \u00ebsht\u00eb nj\u00eb rrug\u00eb e zakonshme , \u00ebsht\u00eb pjes\u00eb e nj\u00eb historie me vler\u00eb komb\u00ebtare dhe nd\u00ebrkomb\u00ebtare.<\/p>\n<p>Nd\u00ebrkoh\u00eb q\u00eb ne kemi k\u00ebrkuar mbrojtje institucionale, restaurim sipas standardeve nd\u00ebrkomb\u00ebtare dhe heqjen e \u00e7do nd\u00ebrhyrjeje t\u00eb paligjshme q\u00eb deformon vlerat e rrug\u00ebs s\u00eb lasht\u00eb, duke e denoncuar si produkt t\u00eb nj\u00eb injorance dhe arrogance lokale, nd\u00ebrkoh\u00eb kjo qenka \u201cmbrojtja\u201d q\u00eb i ka dh\u00ebn\u00eb IKTK trash\u00ebgimis\u00eb son\u00eb p\u00ebr \u201ct\u2019i shtuar vler\u00ebn\u201d!!!<\/p>\n<p>Absurde kur nj\u00eb institucion q\u00eb ka p\u00ebr detyr\u00eb mbrojtjen e trash\u00ebgimis\u00eb son\u00eb, e shikon shkat\u00ebrrimin si di\u00e7ka \u201cn\u00eb rregull\u201d. Kjo nuk \u00ebsht\u00eb m\u00eb \u00e7\u00ebshtje sporadike por \u00ebsht\u00eb nj\u00eb alarm p\u00ebr m\u00ebnyr\u00ebn si mendohet dhe veprohet n\u00eb d\u00ebm t\u00eb historis\u00eb son\u00eb.<\/p>\n<div class=\"wp-video\"><a href=\"https:\/\/gijotina.com\/wp-content\/uploads\/2025\/10\/AQMrql9SyY9VTMPs8mRZaAIzJNpSIvgE3uEarJTO8PWQV9FQ9_CEHOPRJ1_yHrYL3vlqm9YNgyjXl_FxCY2MQj4SicD95kyhbl1hOPHelW6MMQ.mp4\">https:\/\/gijotina.com\/wp-content\/uploads\/2025\/10\/AQMrql9SyY9VTMPs8mRZaAIzJNpSIvgE3uEarJTO8PWQV9FQ9_CEHOPRJ1_yHrYL3vlqm9YNgyjXl_FxCY2MQj4SicD95kyhbl1hOPHelW6MMQ.mp4<\/a><\/div>\n<p>The post <a href=\"https:\/\/gijotina.com\/ina-zhupa-skandal-via-egnatia-qenka-shkaterruar-me-miratim-nga-instituti-i-trashegimise-kulturore\/\">Ina Zhupa: Skandal, Via Egnatia qenka shkat\u00ebrruar me miratim nga Instituti i Trash\u00ebgimis\u00eb Kulturore!!<\/a> appeared first on <a href=\"https:\/\/gijotina.com\/\">GIJOTINA<\/a>.<\/p>","protected":false},"excerpt":{"rendered":"<p>Kryetarja e Komisionit t\u00eb Kultur\u00ebs, Turizmit Ina Zhupa gjat\u00eb d\u00ebgjes\u00ebs me drejtoresh\u00ebn e IKTK, Joli Mitrojorgji e ka pyetur n\u00eb lidhje me asfaltimin e ber\u00eb n\u00eb Via Egnatia. N\u00eb video e shp\u00ebrndar\u00eb nga Zhupa, drejtoresha pranon se i kan\u00eb dh\u00ebn\u00eb miratim projektit si dicka brenda parametrave. Ina Zhupa e konsideron k\u00ebt\u00eb nj\u00eb skandal. Ajo shprehet [&hellip;]<\/p>\n","protected":false},"author":0,"featured_media":0,"comment_status":"open","ping_status":"open","sticky":false,"template":"","format":"standard","meta":{"footnotes":""},"categories":[1],"tags":[],"class_list":["post-46221","post","type-post","status-publish","format-standard","hentry","category-uncategorized"],"_links":{"self":[{"href":"https:\/\/zennihost.com\/test\/wp-json\/wp\/v2\/posts\/46221","targetHints":{"allow":["GET"]}}],"collection":[{"href":"https:\/\/zennihost.com\/test\/wp-json\/wp\/v2\/posts"}],"about":[{"href":"https:\/\/zennihost.com\/test\/wp-json\/wp\/v2\/types\/post"}],"replies":[{"embeddable":true,"href":"https:\/\/zennihost.com\/test\/wp-json\/wp\/v2\/comments?post=46221"}],"version-history":[{"count":0,"href":"https:\/\/zennihost.com\/test\/wp-json\/wp\/v2\/posts\/46221\/revisions"}],"wp:attachment":[{"href":"https:\/\/zennihost.com\/test\/wp-json\/wp\/v2\/media?parent=46221"}],"wp:term":[{"taxonomy":"category","embeddable":true,"href":"https:\/\/zennihost.com\/test\/wp-json\/wp\/v2\/categories?post=46221"},{"taxonomy":"post_tag","embeddable":true,"href":"https:\/\/zennihost.com\/test\/wp-json\/wp\/v2\/tags?post=46221"}],"curies":[{"name":"wp","href":"https:\/\/api.w.org\/{rel}","templated":true}]}}