{"id":46220,"date":"2025-10-13T19:48:18","date_gmt":"2025-10-13T19:48:18","guid":{"rendered":"https:\/\/zennihost.com\/test\/2025\/10\/13\/nje-kandidate-ai-ne-gare-per-bashkine-e-tiranes-flet-ekspertja-e-teknologjise\/"},"modified":"2025-10-13T19:48:18","modified_gmt":"2025-10-13T19:48:18","slug":"nje-kandidate-ai-ne-gare-per-bashkine-e-tiranes-flet-ekspertja-e-teknologjise","status":"publish","type":"post","link":"https:\/\/zennihost.com\/test\/2025\/10\/13\/nje-kandidate-ai-ne-gare-per-bashkine-e-tiranes-flet-ekspertja-e-teknologjise\/","title":{"rendered":"Nj\u00eb kandidate AI n\u00eb gar\u00eb p\u00ebr Bashkin\u00eb e Tiran\u00ebs? Flet ekspertja e teknologjis\u00eb"},"content":{"rendered":"<p>\u2018Tirana\u2019 \u00ebsht\u00eb kandidatja e par\u00eb me Inteligjenc\u00eb Artificiale q\u00eb do t\u00eb garoj\u00eb n\u00eb zgjedhjet e pjesshme lokale t\u00eb 9 n\u00ebntorit.<\/p>\n<p>Ekspertja e Teknologjis\u00eb Denisa Kele, e ftuar n\u00eb Report Tv, tha se kjo nism\u00eb erdhi pasi tashm\u00eb kemi edhe nj\u00eb ministre virtuale, \u2018Diella\u2019.<\/p>\n<p>Kele theksoi se do t\u00eb kemi bashk\u00ebqeverisje t\u00eb kandidates AI me qytetar\u00ebt, pasi do t\u00eb jet\u00eb e aksesueshme n\u00eb \u00e7do koh\u00eb.<\/p>\n<p>\u201cNe kemi edhe nj\u00eb ministre me Inteligjenc\u00eb Artificiale si ishte Diella. Un\u00eb me Tomi Kallanxhi dhe Besmir Semanaj soll\u00ebm kandidaten \u2018Tirana\u2019 p\u00ebr t\u00eb treguar se si duhet nj\u00eb program i Inteligjenc\u00ebs Artificiale q\u00eb t\u00eb funksionoj\u00eb, p\u00ebr t\u00eb rritur efikasitetin dhe transparenc\u00ebn. Me m\u00ebnyr\u00ebn si \u00ebsht\u00eb e programuar Diella \u00ebsht\u00eb e organizuar me nj\u00eb kod t\u00eb mbyllur. Kurse \u2018Tirana\u2019 do t\u00eb jet\u00eb me kod t\u00eb hapur dhe e aksesueshme\u2019, tha ajo.<\/p>\n<p>Ekspertja theksoi se qytetar\u00ebt mund t\u00eb shprehin t\u00eb gjitha problemet q\u00eb ata kan\u00eb tek \u2018Tirana\u2019 dhe ajo mund t\u2019u jap nj\u00eb zgjidhje.<\/p>\n<p>\u2018N\u00eb momentin q\u00eb ke nj\u00eb program t\u00eb Inteligjenc\u00ebs Artificiale q\u00eb \u00ebsht\u00eb me kod t\u00eb hapur nuk qeveris vet\u00ebm ajo por ndodh nj\u00eb bashk\u00ebqeverisje e saj me qytetar\u00ebt. Nga analizimi i t\u00eb dh\u00ebnave q\u00eb \u00ebsht\u00eb b\u00ebr\u00eb ka rezultuar se do t\u2019i jap zgjidhje problematikave q\u00eb ndodhin n\u00eb Tiran\u00eb\u2019, tha ajo.<\/p>\n<p>The post <a href=\"https:\/\/gijotina.com\/nje-kandidate-ai-ne-gare-per-bashkine-e-tiranes-flet-ekspertja-e-teknologjise\/\">Nj\u00eb kandidate AI n\u00eb gar\u00eb p\u00ebr Bashkin\u00eb e Tiran\u00ebs? Flet ekspertja e teknologjis\u00eb<\/a> appeared first on <a href=\"https:\/\/gijotina.com\/\">GIJOTINA<\/a>.<\/p>","protected":false},"excerpt":{"rendered":"<p>\u2018Tirana\u2019 \u00ebsht\u00eb kandidatja e par\u00eb me Inteligjenc\u00eb Artificiale q\u00eb do t\u00eb garoj\u00eb n\u00eb zgjedhjet e pjesshme lokale t\u00eb 9 n\u00ebntorit. Ekspertja e Teknologjis\u00eb Denisa Kele, e ftuar n\u00eb Report Tv, tha se kjo nism\u00eb erdhi pasi tashm\u00eb kemi edhe nj\u00eb ministre virtuale, \u2018Diella\u2019. Kele theksoi se do t\u00eb kemi bashk\u00ebqeverisje t\u00eb kandidates AI me qytetar\u00ebt, [&hellip;]<\/p>\n","protected":false},"author":0,"featured_media":0,"comment_status":"open","ping_status":"open","sticky":false,"template":"","format":"standard","meta":{"footnotes":""},"categories":[1],"tags":[],"class_list":["post-46220","post","type-post","status-publish","format-standard","hentry","category-uncategorized"],"_links":{"self":[{"href":"https:\/\/zennihost.com\/test\/wp-json\/wp\/v2\/posts\/46220","targetHints":{"allow":["GET"]}}],"collection":[{"href":"https:\/\/zennihost.com\/test\/wp-json\/wp\/v2\/posts"}],"about":[{"href":"https:\/\/zennihost.com\/test\/wp-json\/wp\/v2\/types\/post"}],"replies":[{"embeddable":true,"href":"https:\/\/zennihost.com\/test\/wp-json\/wp\/v2\/comments?post=46220"}],"version-history":[{"count":0,"href":"https:\/\/zennihost.com\/test\/wp-json\/wp\/v2\/posts\/46220\/revisions"}],"wp:attachment":[{"href":"https:\/\/zennihost.com\/test\/wp-json\/wp\/v2\/media?parent=46220"}],"wp:term":[{"taxonomy":"category","embeddable":true,"href":"https:\/\/zennihost.com\/test\/wp-json\/wp\/v2\/categories?post=46220"},{"taxonomy":"post_tag","embeddable":true,"href":"https:\/\/zennihost.com\/test\/wp-json\/wp\/v2\/tags?post=46220"}],"curies":[{"name":"wp","href":"https:\/\/api.w.org\/{rel}","templated":true}]}}