{"id":46219,"date":"2025-10-13T19:48:17","date_gmt":"2025-10-13T19:48:17","guid":{"rendered":"https:\/\/zennihost.com\/test\/2025\/10\/13\/masaker-ne-ndeshje-futbolli-ne-ekuador-6-te-vrare-dhe-17-te-plagosur-dyshohet-per-larje-hesapesh-mes-bandave\/"},"modified":"2025-10-13T19:48:17","modified_gmt":"2025-10-13T19:48:17","slug":"masaker-ne-ndeshje-futbolli-ne-ekuador-6-te-vrare-dhe-17-te-plagosur-dyshohet-per-larje-hesapesh-mes-bandave","status":"publish","type":"post","link":"https:\/\/zennihost.com\/test\/2025\/10\/13\/masaker-ne-ndeshje-futbolli-ne-ekuador-6-te-vrare-dhe-17-te-plagosur-dyshohet-per-larje-hesapesh-mes-bandave\/","title":{"rendered":"Masak\u00ebr n\u00eb ndeshje futbolli n\u00eb Ekuador: 6 t\u00eb vrar\u00eb dhe 17 t\u00eb plagosur \u2013 Dyshohet p\u00ebr larje hesapesh mes bandave"},"content":{"rendered":"<p>Gjasht\u00eb persona humb\u00ebn jet\u00ebn dhe 17 t\u00eb tjer\u00eb u plagos\u00ebn n\u00eb nj\u00eb p\u00ebrleshje t\u00eb dhunshme gjat\u00eb nj\u00eb ndeshjeje futbolli amator n\u00eb Guayaquil, njoftoi policia ekuadoriane.<\/p>\n<p>Incidenti ndodhi rreth or\u00ebs 23:00 t\u00eb s\u00eb diel\u00ebs, kur nj\u00eb grup prej 6-7 personash, t\u00eb cil\u00ebt udh\u00ebtonin me moto\u00e7ikleta dhe dy SUV, hap\u00ebn zjarr ndaj banor\u00ebve t\u00eb pranish\u00ebm. Sipas autoriteteve, 85 g\u00ebzhoja u gjet\u00ebn n\u00eb vendngjarje.<\/p>\n<p>Dy nga t\u00eb vrar\u00ebt nd\u00ebrruan jet\u00eb menj\u00ebher\u00eb n\u00eb vend, nd\u00ebrsa kat\u00ebr t\u00eb tjer\u00eb vdiq\u00ebn n\u00eb spital si pasoj\u00eb e plag\u00ebve t\u00eb marra.<\/p>\n<p>Dy viktimat kishin precedent\u00eb penal\u00eb t\u00eb r\u00ebnd\u00eb. Policia e lidh ngjarjen me larje hesapesh midis bandave rivale q\u00eb luftojn\u00eb p\u00ebr kontrollin e trafikut t\u00eb drog\u00ebs. Dy t\u00eb dyshuar u arrestuan dhe po merren n\u00eb pyetje.<\/p>\n<p>The post <a href=\"https:\/\/gijotina.com\/masaker-ne-ndeshje-futbolli-ne-ekuador-6-te-vrare-dhe-17-te-plagosur-dyshohet-per-larje-hesapesh-mes-bandave\/\">Masak\u00ebr n\u00eb ndeshje futbolli n\u00eb Ekuador: 6 t\u00eb vrar\u00eb dhe 17 t\u00eb plagosur \u2013 Dyshohet p\u00ebr larje hesapesh mes bandave<\/a> appeared first on <a href=\"https:\/\/gijotina.com\/\">GIJOTINA<\/a>.<\/p>","protected":false},"excerpt":{"rendered":"<p>Gjasht\u00eb persona humb\u00ebn jet\u00ebn dhe 17 t\u00eb tjer\u00eb u plagos\u00ebn n\u00eb nj\u00eb p\u00ebrleshje t\u00eb dhunshme gjat\u00eb nj\u00eb ndeshjeje futbolli amator n\u00eb Guayaquil, njoftoi policia ekuadoriane. Incidenti ndodhi rreth or\u00ebs 23:00 t\u00eb s\u00eb diel\u00ebs, kur nj\u00eb grup prej 6-7 personash, t\u00eb cil\u00ebt udh\u00ebtonin me moto\u00e7ikleta dhe dy SUV, hap\u00ebn zjarr ndaj banor\u00ebve t\u00eb pranish\u00ebm. Sipas autoriteteve, [&hellip;]<\/p>\n","protected":false},"author":0,"featured_media":0,"comment_status":"open","ping_status":"open","sticky":false,"template":"","format":"standard","meta":{"footnotes":""},"categories":[1],"tags":[],"class_list":["post-46219","post","type-post","status-publish","format-standard","hentry","category-uncategorized"],"_links":{"self":[{"href":"https:\/\/zennihost.com\/test\/wp-json\/wp\/v2\/posts\/46219","targetHints":{"allow":["GET"]}}],"collection":[{"href":"https:\/\/zennihost.com\/test\/wp-json\/wp\/v2\/posts"}],"about":[{"href":"https:\/\/zennihost.com\/test\/wp-json\/wp\/v2\/types\/post"}],"replies":[{"embeddable":true,"href":"https:\/\/zennihost.com\/test\/wp-json\/wp\/v2\/comments?post=46219"}],"version-history":[{"count":0,"href":"https:\/\/zennihost.com\/test\/wp-json\/wp\/v2\/posts\/46219\/revisions"}],"wp:attachment":[{"href":"https:\/\/zennihost.com\/test\/wp-json\/wp\/v2\/media?parent=46219"}],"wp:term":[{"taxonomy":"category","embeddable":true,"href":"https:\/\/zennihost.com\/test\/wp-json\/wp\/v2\/categories?post=46219"},{"taxonomy":"post_tag","embeddable":true,"href":"https:\/\/zennihost.com\/test\/wp-json\/wp\/v2\/tags?post=46219"}],"curies":[{"name":"wp","href":"https:\/\/api.w.org\/{rel}","templated":true}]}}