{"id":46218,"date":"2025-10-13T19:48:17","date_gmt":"2025-10-13T19:48:17","guid":{"rendered":"https:\/\/zennihost.com\/test\/2025\/10\/13\/rama-fton-qytetaret-ne-tubimin-e-17-tetorit-liria-ka-emer-drejtesi-per-clirimtaret-video\/"},"modified":"2025-10-13T19:48:17","modified_gmt":"2025-10-13T19:48:17","slug":"rama-fton-qytetaret-ne-tubimin-e-17-tetorit-liria-ka-emer-drejtesi-per-clirimtaret-video","status":"publish","type":"post","link":"https:\/\/zennihost.com\/test\/2025\/10\/13\/rama-fton-qytetaret-ne-tubimin-e-17-tetorit-liria-ka-emer-drejtesi-per-clirimtaret-video\/","title":{"rendered":"Rama fton qytetar\u00ebt n\u00eb tubimin e 17 tetorit: \u201cLiria ka em\u00ebr, drejt\u00ebsi p\u00ebr \u00e7lirimtar\u00ebt\u201d (VIDEO)"},"content":{"rendered":"<p>Kryeministri Edi Rama ka ndar\u00eb nj\u00eb postim n\u00eb rrjetet sociale ku shpreh mb\u00ebshtetjen e tij p\u00ebr nj\u00eb thirrje publike q\u00eb fton qytetar\u00ebt shqiptar\u00eb nga t\u00eb gjitha trevat dhe diaspora t\u00eb bashkohen n\u00eb nj\u00eb tubim solidariteti.<\/p>\n<p>N\u00eb mesazhin e tij, Rama thekson se \u201cLiria ka em\u00ebr\u201d dhe tregon se ndihet i nderuar t\u00eb ndaj\u00eb k\u00ebt\u00eb ftes\u00eb, q\u00eb synon t\u00eb k\u00ebrkoj\u00eb drejt\u00ebsi p\u00ebr \u00e7lirimtar\u00ebt, m\u00eb 17 tetor, ora 17:00.<\/p>\n<p><em>\u201cMe k\u00ebnaq\u00ebsi dhe i nderuar t\u2019u bindem organizator\u00ebve p\u00ebr ta postuar k\u00ebt\u00eb ftes\u00eb-thirrje.\u00a0Liria ka em\u00ebr! Nga Kosova, Maqedonia e Veriut, Shqip\u00ebria, diaspora e \u00e7do cep i trojeve shqiptare mij\u00ebra zemra do t\u00eb bashkohen k\u00ebt\u00eb t\u00eb premte, m\u00eb 17 tetor, ora 17:00, p\u00ebr t\u00eb k\u00ebrkuar nj\u00ebz\u00ebri drejt\u00ebsi p\u00ebr \u00e7lirimtar\u00ebt\u201d,\u00a0<\/em>ka shkruar kryeministri Rama.<\/p>\n<div class=\"wp-video\"><!--[if lt IE 9]&gt;document.createElement('video');&lt;![endif]--><br \/>\n<a href=\"https:\/\/gijotina.com\/wp-content\/uploads\/2025\/10\/AQNgw7P89BUotVNx2tegUc9rjKI1kD9Bd4vtkLqbPOK8hcljizDBv-tDcmt9xU-kCGLjJYmg7Wy6A-BFaBjlaLb-0-vsfRebzfoUnyLUQ9RfuQ.mp4\">https:\/\/gijotina.com\/wp-content\/uploads\/2025\/10\/AQNgw7P89BUotVNx2tegUc9rjKI1kD9Bd4vtkLqbPOK8hcljizDBv-tDcmt9xU-kCGLjJYmg7Wy6A-BFaBjlaLb-0-vsfRebzfoUnyLUQ9RfuQ.mp4<\/a><\/div>\n<p>The post <a href=\"https:\/\/gijotina.com\/rama-fton-qytetaret-ne-tubimin-e-17-tetorit-liria-ka-emer-drejtesi-per-clirimtaret-video\/\">Rama fton qytetar\u00ebt n\u00eb tubimin e 17 tetorit: \u201cLiria ka em\u00ebr, drejt\u00ebsi p\u00ebr \u00e7lirimtar\u00ebt\u201d (VIDEO)<\/a> appeared first on <a href=\"https:\/\/gijotina.com\/\">GIJOTINA<\/a>.<\/p>","protected":false},"excerpt":{"rendered":"<p>Kryeministri Edi Rama ka ndar\u00eb nj\u00eb postim n\u00eb rrjetet sociale ku shpreh mb\u00ebshtetjen e tij p\u00ebr nj\u00eb thirrje publike q\u00eb fton qytetar\u00ebt shqiptar\u00eb nga t\u00eb gjitha trevat dhe diaspora t\u00eb bashkohen n\u00eb nj\u00eb tubim solidariteti. N\u00eb mesazhin e tij, Rama thekson se \u201cLiria ka em\u00ebr\u201d dhe tregon se ndihet i nderuar t\u00eb ndaj\u00eb k\u00ebt\u00eb ftes\u00eb, [&hellip;]<\/p>\n","protected":false},"author":0,"featured_media":0,"comment_status":"open","ping_status":"open","sticky":false,"template":"","format":"standard","meta":{"footnotes":""},"categories":[1],"tags":[],"class_list":["post-46218","post","type-post","status-publish","format-standard","hentry","category-uncategorized"],"_links":{"self":[{"href":"https:\/\/zennihost.com\/test\/wp-json\/wp\/v2\/posts\/46218","targetHints":{"allow":["GET"]}}],"collection":[{"href":"https:\/\/zennihost.com\/test\/wp-json\/wp\/v2\/posts"}],"about":[{"href":"https:\/\/zennihost.com\/test\/wp-json\/wp\/v2\/types\/post"}],"replies":[{"embeddable":true,"href":"https:\/\/zennihost.com\/test\/wp-json\/wp\/v2\/comments?post=46218"}],"version-history":[{"count":0,"href":"https:\/\/zennihost.com\/test\/wp-json\/wp\/v2\/posts\/46218\/revisions"}],"wp:attachment":[{"href":"https:\/\/zennihost.com\/test\/wp-json\/wp\/v2\/media?parent=46218"}],"wp:term":[{"taxonomy":"category","embeddable":true,"href":"https:\/\/zennihost.com\/test\/wp-json\/wp\/v2\/categories?post=46218"},{"taxonomy":"post_tag","embeddable":true,"href":"https:\/\/zennihost.com\/test\/wp-json\/wp\/v2\/tags?post=46218"}],"curies":[{"name":"wp","href":"https:\/\/api.w.org\/{rel}","templated":true}]}}