{"id":46217,"date":"2025-10-13T19:48:17","date_gmt":"2025-10-13T19:48:17","guid":{"rendered":"https:\/\/zennihost.com\/test\/2025\/10\/13\/venezuela-mbyll-papritur-ambasaden-ne-norvegji-tre-dite-pas-nobelit-per-maria-corina-machado\/"},"modified":"2025-10-13T19:48:17","modified_gmt":"2025-10-13T19:48:17","slug":"venezuela-mbyll-papritur-ambasaden-ne-norvegji-tre-dite-pas-nobelit-per-maria-corina-machado","status":"publish","type":"post","link":"https:\/\/zennihost.com\/test\/2025\/10\/13\/venezuela-mbyll-papritur-ambasaden-ne-norvegji-tre-dite-pas-nobelit-per-maria-corina-machado\/","title":{"rendered":"Venezuela mbyll papritur ambasad\u00ebn n\u00eb Norvegji, tre dit\u00eb pas Nobelit p\u00ebr Maria Corina Machado"},"content":{"rendered":"<p>Ministria e Jashtme e Norvegjis\u00eb njoftoi sot se Venezuela ka mbyllur n\u00eb m\u00ebnyr\u00eb t\u00eb pashpjegueshme ambasad\u00ebn e saj n\u00eb Oslo, vet\u00ebm tre dit\u00eb pas ndarjes s\u00eb \u00c7mimit Nobel p\u00ebr Paqen p\u00ebr udh\u00ebheq\u00ebsen e opozit\u00ebs venezueliane, Maria Corina Machado.<\/p>\n<p><em>\u201cU informuam nga ambasada e Venezuel\u00ebs se do t\u00eb mbyll\u00eb dyert e saj, pa dh\u00ebn\u00eb asnj\u00eb shpjegim,\u201d<\/em>\u00a0deklaroi z\u00ebdh\u00ebn\u00ebsja e Ministris\u00eb s\u00eb Jashtme norvegjeze, Cecilie R\u00f8ang.<\/p>\n<p>Dje, presidenti i Venezuel\u00ebs, Nicol\u00e1s Maduro, e quajti Machado \u201cshtrig\u00eb e lig\u00eb\u201d, vet\u00ebm nj\u00eb dit\u00eb pas vler\u00ebsimit t\u00eb saj nd\u00ebrkomb\u00ebtar. Machado, 58 vje\u00e7, u nderua me \u00c7mimin Nobel p\u00ebr Paqen 2025.<\/p>\n<p>The post <a href=\"https:\/\/gijotina.com\/venezuela-mbyll-papritur-ambasaden-ne-norvegji-tre-dite-pas-nobelit-per-maria-corina-machado\/\">Venezuela mbyll papritur ambasad\u00ebn n\u00eb Norvegji, tre dit\u00eb pas Nobelit p\u00ebr Maria Corina Machado<\/a> appeared first on <a href=\"https:\/\/gijotina.com\/\">GIJOTINA<\/a>.<\/p>","protected":false},"excerpt":{"rendered":"<p>Ministria e Jashtme e Norvegjis\u00eb njoftoi sot se Venezuela ka mbyllur n\u00eb m\u00ebnyr\u00eb t\u00eb pashpjegueshme ambasad\u00ebn e saj n\u00eb Oslo, vet\u00ebm tre dit\u00eb pas ndarjes s\u00eb \u00c7mimit Nobel p\u00ebr Paqen p\u00ebr udh\u00ebheq\u00ebsen e opozit\u00ebs venezueliane, Maria Corina Machado. \u201cU informuam nga ambasada e Venezuel\u00ebs se do t\u00eb mbyll\u00eb dyert e saj, pa dh\u00ebn\u00eb asnj\u00eb shpjegim,\u201d\u00a0deklaroi [&hellip;]<\/p>\n","protected":false},"author":0,"featured_media":0,"comment_status":"open","ping_status":"open","sticky":false,"template":"","format":"standard","meta":{"footnotes":""},"categories":[1],"tags":[],"class_list":["post-46217","post","type-post","status-publish","format-standard","hentry","category-uncategorized"],"_links":{"self":[{"href":"https:\/\/zennihost.com\/test\/wp-json\/wp\/v2\/posts\/46217","targetHints":{"allow":["GET"]}}],"collection":[{"href":"https:\/\/zennihost.com\/test\/wp-json\/wp\/v2\/posts"}],"about":[{"href":"https:\/\/zennihost.com\/test\/wp-json\/wp\/v2\/types\/post"}],"replies":[{"embeddable":true,"href":"https:\/\/zennihost.com\/test\/wp-json\/wp\/v2\/comments?post=46217"}],"version-history":[{"count":0,"href":"https:\/\/zennihost.com\/test\/wp-json\/wp\/v2\/posts\/46217\/revisions"}],"wp:attachment":[{"href":"https:\/\/zennihost.com\/test\/wp-json\/wp\/v2\/media?parent=46217"}],"wp:term":[{"taxonomy":"category","embeddable":true,"href":"https:\/\/zennihost.com\/test\/wp-json\/wp\/v2\/categories?post=46217"},{"taxonomy":"post_tag","embeddable":true,"href":"https:\/\/zennihost.com\/test\/wp-json\/wp\/v2\/tags?post=46217"}],"curies":[{"name":"wp","href":"https:\/\/api.w.org\/{rel}","templated":true}]}}