{"id":46216,"date":"2025-10-13T19:48:17","date_gmt":"2025-10-13T19:48:17","guid":{"rendered":"https:\/\/zennihost.com\/test\/2025\/10\/13\/salianji-me-seriozitetin-e-rames-jemi-300-vite-larg-be-se-diella-ishte-nje-karagjozllek-per-pr\/"},"modified":"2025-10-13T19:48:17","modified_gmt":"2025-10-13T19:48:17","slug":"salianji-me-seriozitetin-e-rames-jemi-300-vite-larg-be-se-diella-ishte-nje-karagjozllek-per-pr","status":"publish","type":"post","link":"https:\/\/zennihost.com\/test\/2025\/10\/13\/salianji-me-seriozitetin-e-rames-jemi-300-vite-larg-be-se-diella-ishte-nje-karagjozllek-per-pr\/","title":{"rendered":"Salianji: Me seriozitetin e Ram\u00ebs, jemi 300 vite larg BE-s\u00eb \u2013 Diella ishte nj\u00eb karagjozll\u00ebk p\u00ebr PR"},"content":{"rendered":"<p>N\u00eb nj\u00eb intervist\u00eb p\u00ebr Ora News, ish-deputeti i Partis\u00eb Demokratike, Ervin Salianji, kritikoi ashp\u00ebr kryeministrin Edi Rama, duke deklaruar se Shqip\u00ebria \u00ebsht\u00eb shum\u00eb larg integrimit n\u00eb Bashkimin Europian, p\u00ebr shkak t\u00eb qeverisjes aktuale.<\/p>\n<p>\u201cN\u00ebse do t\u00eb kishte nj\u00eb kriter p\u00ebr seriozitetin e kryeministrit, do t\u00eb ishim 300 vite larg nga BE-ja\u201d, u shpreh Salianji, duke e cil\u00ebsuar sjelljen e Ram\u00ebs si t\u00eb pap\u00ebrshtatshme p\u00ebr nj\u00eb udh\u00ebheq\u00ebs t\u00eb nj\u00eb vendi demokratik.<\/p>\n<p>Sipas tij, raportet nd\u00ebrkomb\u00ebtare dhe indikator\u00ebt tregojn\u00eb qart\u00eb se Shqip\u00ebria nuk ka b\u00ebr\u00eb p\u00ebrparime reale n\u00eb procesin e integrimit dhe se institucionet jan\u00eb t\u00eb kapura nga nj\u00eb njeri i vet\u00ebm.<\/p>\n<p>\u201cNuk kemi as parlament. Ngren\u00eb dor\u00ebn kot. Problemi m\u00eb i madh \u00ebsht\u00eb mungesa e sundimit t\u00eb ligjit \u2013 vendimet merren nga humori i Ram\u00ebs. E drejta vendoset nga Maliqi\u201d, deklaroi ai.<\/p>\n<p>Salianji komentoi edhe projektin m\u00eb t\u00eb fundit t\u00eb promovuar nga qeveria \u2013 personazhin Diella, duke e quajtur nj\u00eb \u201ckaragjozll\u00ebk\u201d t\u00eb radh\u00ebs dhe nj\u00eb p\u00ebrpjekje p\u00ebr t\u00eb nd\u00ebrtuar nj\u00eb operacion PR-i p\u00ebr t\u00eb huajt.<\/p>\n<p>\u201cRama \u00ebsht\u00eb nj\u00eb kryeminist\u00ebr delirant. Diella nuk ishte gj\u00eb tjet\u00ebr ve\u00e7se nj\u00eb spektak\u00ebl p\u00ebr propagand\u00eb\u201d, p\u00ebrfundoi Salianji.<\/p>\n<p>The post <a href=\"https:\/\/gijotina.com\/salianji-me-seriozitetin-e-rames-jemi-300-vite-larg-be-se-diella-ishte-nje-karagjozllek-per-pr\/\">Salianji: Me seriozitetin e Ram\u00ebs, jemi 300 vite larg BE-s\u00eb \u2013 Diella ishte nj\u00eb karagjozll\u00ebk p\u00ebr PR<\/a> appeared first on <a href=\"https:\/\/gijotina.com\/\">GIJOTINA<\/a>.<\/p>","protected":false},"excerpt":{"rendered":"<p>N\u00eb nj\u00eb intervist\u00eb p\u00ebr Ora News, ish-deputeti i Partis\u00eb Demokratike, Ervin Salianji, kritikoi ashp\u00ebr kryeministrin Edi Rama, duke deklaruar se Shqip\u00ebria \u00ebsht\u00eb shum\u00eb larg integrimit n\u00eb Bashkimin Europian, p\u00ebr shkak t\u00eb qeverisjes aktuale. \u201cN\u00ebse do t\u00eb kishte nj\u00eb kriter p\u00ebr seriozitetin e kryeministrit, do t\u00eb ishim 300 vite larg nga BE-ja\u201d, u shpreh Salianji, duke [&hellip;]<\/p>\n","protected":false},"author":0,"featured_media":0,"comment_status":"open","ping_status":"open","sticky":false,"template":"","format":"standard","meta":{"footnotes":""},"categories":[1],"tags":[],"class_list":["post-46216","post","type-post","status-publish","format-standard","hentry","category-uncategorized"],"_links":{"self":[{"href":"https:\/\/zennihost.com\/test\/wp-json\/wp\/v2\/posts\/46216","targetHints":{"allow":["GET"]}}],"collection":[{"href":"https:\/\/zennihost.com\/test\/wp-json\/wp\/v2\/posts"}],"about":[{"href":"https:\/\/zennihost.com\/test\/wp-json\/wp\/v2\/types\/post"}],"replies":[{"embeddable":true,"href":"https:\/\/zennihost.com\/test\/wp-json\/wp\/v2\/comments?post=46216"}],"version-history":[{"count":0,"href":"https:\/\/zennihost.com\/test\/wp-json\/wp\/v2\/posts\/46216\/revisions"}],"wp:attachment":[{"href":"https:\/\/zennihost.com\/test\/wp-json\/wp\/v2\/media?parent=46216"}],"wp:term":[{"taxonomy":"category","embeddable":true,"href":"https:\/\/zennihost.com\/test\/wp-json\/wp\/v2\/categories?post=46216"},{"taxonomy":"post_tag","embeddable":true,"href":"https:\/\/zennihost.com\/test\/wp-json\/wp\/v2\/tags?post=46216"}],"curies":[{"name":"wp","href":"https:\/\/api.w.org\/{rel}","templated":true}]}}