{"id":46215,"date":"2025-10-13T19:48:17","date_gmt":"2025-10-13T19:48:17","guid":{"rendered":"https:\/\/zennihost.com\/test\/2025\/10\/13\/suedi-kosove-ekipi-dardan-kalon-ne-avantazh-shperthejne-fishekzjarret-video\/"},"modified":"2025-10-13T19:48:17","modified_gmt":"2025-10-13T19:48:17","slug":"suedi-kosove-ekipi-dardan-kalon-ne-avantazh-shperthejne-fishekzjarret-video","status":"publish","type":"post","link":"https:\/\/zennihost.com\/test\/2025\/10\/13\/suedi-kosove-ekipi-dardan-kalon-ne-avantazh-shperthejne-fishekzjarret-video\/","title":{"rendered":"Suedi-Kosov\u00eb\/ Ekipi dardan kalon n\u00eb avantazh, shp\u00ebrthejn\u00eb fishekzjarret (Video)"},"content":{"rendered":"<p>Kosova zbret n\u00eb fush\u00eb p\u00ebrball\u00eb Suedis\u00eb n\u00eb nj\u00eb p\u00ebrballje t\u00eb r\u00ebnd\u00ebsishme n\u00eb transfert\u00eb, e cila pritet t\u00eb jet\u00eb vendimtare p\u00ebr ecurin\u00eb e \u201cDardan\u00ebve\u201d n\u00eb kualifikueset e Bot\u00ebrorit 2026.<\/p>\n<p>Aktualisht n\u00eb vendin e dyt\u00eb n\u00eb grup, Kosova synon t\u00eb ruaj\u00eb k\u00ebt\u00eb pozicion me \u00e7do kusht, duke mbajtur gjall\u00eb shpresat p\u00ebr kualifikim t\u00eb pakt\u00ebn p\u00ebrmes faz\u00ebs play-off. Megjithat\u00eb, kjo nuk do t\u00eb thot\u00eb se skuadra e drejtuar nga Franco Foda do t\u00eb luaj\u00eb vet\u00ebm p\u00ebr mbrojtje.<\/p>\n<p>P\u00ebrkundrazi, trajneri gjerman ka vendosur t\u00eb aktivizoj\u00eb q\u00eb nga minuta e par\u00eb dyshen sulmuese Muriqi-Asllani, n\u00eb nj\u00eb p\u00ebrpjekje p\u00ebr t\u00eb befasuar nordik\u00ebt n\u00eb sht\u00ebpin\u00eb e tyre dhe p\u00ebr t\u00eb marr\u00eb nj\u00eb rezultat q\u00eb mund t\u00eb b\u00ebj\u00eb diferenc\u00ebn n\u00eb k\u00ebt\u00eb gar\u00eb t\u00eb ngusht\u00eb p\u00ebr zon\u00ebn e kualifikimit.<\/p>\n<p><strong>Suedi 0-1 Kosov\u00eb<\/strong><\/p>\n<p><em>Asllani 32\u2019<\/em><\/p>\n<p>32\u2019 Goool Kosova 0-1\/ Muriqi provon me nj\u00eb gjuajtje nga distanca, q\u00eb devijohet nga Hodza dhe m\u00eb pas shtyhet n\u00eb rrjet\u00eb nga Asllani.<strong> (<a href=\"https:\/\/streamin.me\/v\/603810c8\">Video<\/a>)<\/strong><\/p>\n<p><strong>gijotina.com\/<\/strong><\/p>\n<p>The post <a href=\"https:\/\/gijotina.com\/suedi-kosove-ekipi-dardan-kalon-ne-avantazh-shperthejne-fishekzjarret-video\/\">Suedi-Kosov\u00eb\/ Ekipi dardan kalon n\u00eb avantazh, shp\u00ebrthejn\u00eb fishekzjarret (Video)<\/a> appeared first on <a href=\"https:\/\/gijotina.com\/\">GIJOTINA<\/a>.<\/p>","protected":false},"excerpt":{"rendered":"<p>Kosova zbret n\u00eb fush\u00eb p\u00ebrball\u00eb Suedis\u00eb n\u00eb nj\u00eb p\u00ebrballje t\u00eb r\u00ebnd\u00ebsishme n\u00eb transfert\u00eb, e cila pritet t\u00eb jet\u00eb vendimtare p\u00ebr ecurin\u00eb e \u201cDardan\u00ebve\u201d n\u00eb kualifikueset e Bot\u00ebrorit 2026. Aktualisht n\u00eb vendin e dyt\u00eb n\u00eb grup, Kosova synon t\u00eb ruaj\u00eb k\u00ebt\u00eb pozicion me \u00e7do kusht, duke mbajtur gjall\u00eb shpresat p\u00ebr kualifikim t\u00eb pakt\u00ebn p\u00ebrmes faz\u00ebs play-off. [&hellip;]<\/p>\n","protected":false},"author":0,"featured_media":0,"comment_status":"open","ping_status":"open","sticky":false,"template":"","format":"standard","meta":{"footnotes":""},"categories":[1],"tags":[],"class_list":["post-46215","post","type-post","status-publish","format-standard","hentry","category-uncategorized"],"_links":{"self":[{"href":"https:\/\/zennihost.com\/test\/wp-json\/wp\/v2\/posts\/46215","targetHints":{"allow":["GET"]}}],"collection":[{"href":"https:\/\/zennihost.com\/test\/wp-json\/wp\/v2\/posts"}],"about":[{"href":"https:\/\/zennihost.com\/test\/wp-json\/wp\/v2\/types\/post"}],"replies":[{"embeddable":true,"href":"https:\/\/zennihost.com\/test\/wp-json\/wp\/v2\/comments?post=46215"}],"version-history":[{"count":0,"href":"https:\/\/zennihost.com\/test\/wp-json\/wp\/v2\/posts\/46215\/revisions"}],"wp:attachment":[{"href":"https:\/\/zennihost.com\/test\/wp-json\/wp\/v2\/media?parent=46215"}],"wp:term":[{"taxonomy":"category","embeddable":true,"href":"https:\/\/zennihost.com\/test\/wp-json\/wp\/v2\/categories?post=46215"},{"taxonomy":"post_tag","embeddable":true,"href":"https:\/\/zennihost.com\/test\/wp-json\/wp\/v2\/tags?post=46215"}],"curies":[{"name":"wp","href":"https:\/\/api.w.org\/{rel}","templated":true}]}}