{"id":46212,"date":"2025-10-13T17:42:31","date_gmt":"2025-10-13T17:42:31","guid":{"rendered":"https:\/\/zennihost.com\/test\/2025\/10\/13\/bllokohen-hyrjet-e-tiranes-trafik-kilometrik-policia-apel-shofereve\/"},"modified":"2025-10-13T17:42:31","modified_gmt":"2025-10-13T17:42:31","slug":"bllokohen-hyrjet-e-tiranes-trafik-kilometrik-policia-apel-shofereve","status":"publish","type":"post","link":"https:\/\/zennihost.com\/test\/2025\/10\/13\/bllokohen-hyrjet-e-tiranes-trafik-kilometrik-policia-apel-shofereve\/","title":{"rendered":"Bllokohen hyrjet e Tiran\u00ebs, trafik kilometrik, policia apel shofer\u00ebve"},"content":{"rendered":"<p>Nj\u00eb situat\u00eb e r\u00ebnduar trafiku \u00ebsht\u00eb regjistruar gjat\u00eb dit\u00ebs s\u00eb sotme n\u00eb aksin dyt\u00ebsor Vor\u00eb\u2013Maminas, si pasoj\u00eb e bllokimit t\u00eb nj\u00eb segmenti t\u00eb autostrad\u00ebs q\u00eb lidh k\u00ebto dy zona.<\/p>\n<p>Trafiku \u00ebsht\u00eb p\u00ebrqendruar kryesisht n\u00eb rrug\u00ebn dyt\u00ebsore, ku \u00ebsht\u00eb krijuar nj\u00eb varg i pand\u00ebrprer\u00eb automjetesh q\u00eb nis nga kryq\u00ebzimi i Budull\u00ebs (pran\u00eb Fush\u00eb-Kruj\u00ebs) e deri n\u00eb zon\u00ebn e Maminasit.<\/p>\n<p>Kolona e automjeteve vler\u00ebsohet t\u00eb jet\u00eb mbi 15 kilometra e gjat\u00eb. Sakaq, policia i b\u00ebn thirrje shofer\u00ebve t\u00eb p\u00ebrdorin rrug\u00eb alternative.<\/p>\n<p>Njoftimi i Policis\u00eb:<\/p>\n<p>P\u00ebr shkak t\u00eb mbylljes s\u00eb p\u00ebrkohshme t\u00eb autostrad\u00ebs Tiran\u00eb\u2013Durr\u00ebs, p\u00ebr arsye punimesh, t\u00eb njoftuar me dat\u00eb 10.10.2025, nga Autoriteti Rrugor Shqiptar, \u00ebsht\u00eb krijuar trafik i r\u00ebnduar n\u00eb disa zona brenda kryeqytetit, si dhe n\u00eb hyrje e dalje t\u00eb tij.<\/p>\n<p>Sh\u00ebrbimet e Policis\u00eb Rrugore dhe Patrullat e P\u00ebrgjithshme ndodhen n\u00eb \u00e7do kryq\u00ebzim dhe segment kryesor rrugor, me q\u00ebllim menaxhimin dhe leht\u00ebsimin e qarkullimit.<\/p>\n<p>Policia e Tiran\u00ebs u b\u00ebn apel drejtuesve t\u00eb automjeteve t\u00eb tregojn\u00eb durim, t\u00eb respektojn\u00eb sinjalistik\u00ebn rrugore dhe udh\u00ebzimet e punonj\u00ebsve t\u00eb Policis\u00eb, si dhe t\u00eb p\u00ebrdorin rrug\u00eb alternative, p\u00ebr t\u00eb shmangur vonesat n\u00eb l\u00ebvizje.<\/p>\n<p>The post <a href=\"https:\/\/lapsi.al\/2025\/10\/13\/bllokohen-hyrjet-e-tiranes-trafik-kilometrik-policia-apel-shofereve\/\">Bllokohen hyrjet e Tiran\u00ebs, trafik kilometrik, policia apel shofer\u00ebve<\/a> appeared first on <a href=\"https:\/\/lapsi.al\/\">Lapsi.al<\/a>.<\/p>","protected":false},"excerpt":{"rendered":"<p>Nj\u00eb situat\u00eb e r\u00ebnduar trafiku \u00ebsht\u00eb regjistruar gjat\u00eb dit\u00ebs s\u00eb sotme n\u00eb aksin dyt\u00ebsor Vor\u00eb\u2013Maminas, si pasoj\u00eb e bllokimit t\u00eb nj\u00eb segmenti t\u00eb autostrad\u00ebs q\u00eb lidh k\u00ebto dy zona. Trafiku \u00ebsht\u00eb p\u00ebrqendruar kryesisht n\u00eb rrug\u00ebn dyt\u00ebsore, ku \u00ebsht\u00eb krijuar nj\u00eb varg i pand\u00ebrprer\u00eb automjetesh q\u00eb nis nga kryq\u00ebzimi i Budull\u00ebs (pran\u00eb Fush\u00eb-Kruj\u00ebs) e deri n\u00eb [&hellip;]<\/p>\n","protected":false},"author":0,"featured_media":0,"comment_status":"open","ping_status":"open","sticky":false,"template":"","format":"standard","meta":{"footnotes":""},"categories":[1],"tags":[],"class_list":["post-46212","post","type-post","status-publish","format-standard","hentry","category-uncategorized"],"_links":{"self":[{"href":"https:\/\/zennihost.com\/test\/wp-json\/wp\/v2\/posts\/46212","targetHints":{"allow":["GET"]}}],"collection":[{"href":"https:\/\/zennihost.com\/test\/wp-json\/wp\/v2\/posts"}],"about":[{"href":"https:\/\/zennihost.com\/test\/wp-json\/wp\/v2\/types\/post"}],"replies":[{"embeddable":true,"href":"https:\/\/zennihost.com\/test\/wp-json\/wp\/v2\/comments?post=46212"}],"version-history":[{"count":0,"href":"https:\/\/zennihost.com\/test\/wp-json\/wp\/v2\/posts\/46212\/revisions"}],"wp:attachment":[{"href":"https:\/\/zennihost.com\/test\/wp-json\/wp\/v2\/media?parent=46212"}],"wp:term":[{"taxonomy":"category","embeddable":true,"href":"https:\/\/zennihost.com\/test\/wp-json\/wp\/v2\/categories?post=46212"},{"taxonomy":"post_tag","embeddable":true,"href":"https:\/\/zennihost.com\/test\/wp-json\/wp\/v2\/tags?post=46212"}],"curies":[{"name":"wp","href":"https:\/\/api.w.org\/{rel}","templated":true}]}}