{"id":46211,"date":"2025-10-13T17:45:09","date_gmt":"2025-10-13T17:45:09","guid":{"rendered":"https:\/\/zennihost.com\/test\/2025\/10\/13\/shefi-i-inteligjences-gjermane-jep-alarmin-rusia-mund-te-sulmoje-nato-n\/"},"modified":"2025-10-13T17:45:09","modified_gmt":"2025-10-13T17:45:09","slug":"shefi-i-inteligjences-gjermane-jep-alarmin-rusia-mund-te-sulmoje-nato-n","status":"publish","type":"post","link":"https:\/\/zennihost.com\/test\/2025\/10\/13\/shefi-i-inteligjences-gjermane-jep-alarmin-rusia-mund-te-sulmoje-nato-n\/","title":{"rendered":"Shefi i inteligjenc\u00ebs gjermane jep alarmin: Rusia mund t\u00eb sulmoj\u00eb NATO-n"},"content":{"rendered":"<p>Shefi i inteligjenc\u00ebs t\u00eb Gjermanis\u00eb paralajm\u00ebroi se Rusia paraqet k\u00ebrc\u00ebnim t\u00eb drejtp\u00ebrdrejt\u00eb dhe se \u201cpaqja e tensionuar\u201d n\u00eb Bashkimin Evropian mund t\u00eb shp\u00ebrthej\u00eb n\u00eb \u00e7do moment n\u00eb nj\u00eb \u201cp\u00ebrplasje t\u00eb nxeht\u00eb\u201d.<\/p>\n<p>Martin Jaeger, kreu i sh\u00ebrbimit BND t\u00eb spiunazhit, u tha ligjv\u00ebn\u00ebsve se Rusia \u00ebsht\u00eb e vendosur q\u00eb t\u00eb zgjeroj\u00eb \u201csfer\u00ebn e saj t\u00eb ndikimit m\u00eb n\u00eb per\u00ebndim drejt Evrop\u00ebs\u201d.<\/p>\n<p>\u201cP\u00ebr t\u00eb arritur k\u00ebt\u00eb q\u00ebllim, Rusia nuk do t\u00eb hezitoj\u00eb t\u00eb p\u00ebrballet drejtp\u00ebrdrejt ushtarakisht me NATO-n n\u00ebse \u00ebsht\u00eb e nevojshme\u201d, tha Jaeger gjat\u00eb nj\u00eb konference me ligjv\u00ebn\u00ebsit n\u00eb Berlin.<\/p>\n<p>S\u00eb bashku me Jeagerin ishin edhe udh\u00ebheq\u00ebsit e sh\u00ebrbimeve t\u00eb inteligjenc\u00ebs s\u00eb brendshme dhe ushtarake t\u00eb Gjermanis\u00eb.<\/p>\n<p>Edhe pse ata p\u00ebrmend\u00ebn k\u00ebrc\u00ebnime t\u00eb tjera, si ekstremizmi politik dhe fetar, ishte Rusia ajo q\u00eb mbizot\u00ebroi n\u00eb deklarimet e tyre.<\/p>\n<p>Jaeger tha se Gjermania \u00ebsht\u00eb \u201ccaku num\u00ebr nj\u00eb i Rusis\u00eb n\u00eb Evrop\u00eb\u201d, duke pasur parasysh se \u00ebsht\u00eb ekonomia m\u00eb e madhe e BE-s\u00eb dhe luan nj\u00eb \u201crol udh\u00ebheq\u00ebs n\u00eb mb\u00ebshtetjen e Ukrain\u00ebs\u201d.<\/p>\n<p>Paralajm\u00ebrimet vijn\u00eb pas nj\u00eb serie incidentesh n\u00eb Bashkimin Evropian, p\u00ebrfshir\u00eb inkursionin e dron\u00ebve rus\u00eb n\u00eb Poloni dhe shkeljen e hap\u00ebsir\u00ebs ajrore t\u00eb Estonis\u00eb nga avion\u00eb luftarak\u00eb rus\u00eb.<\/p>\n<p>N\u00eb Gjermani, Rusia dyshohet se q\u00ebndron pas nj\u00eb s\u00ebr\u00eb inkursionesh me dron\u00eb s\u00eb fundi, p\u00ebrfshir\u00eb edhe incidente q\u00eb nd\u00ebrprer\u00eb operimin n\u00eb Aeroportin e Munihut.<\/p>\n<p>Autoritetet gjermane gjithashtu dyshojn\u00eb se Rusia po zhvillon fushata sabotimi dhe dezinformimi.<\/p>\n<p>Jaeger, i cili m\u00eb par\u00eb ka sh\u00ebrbyer si ambasador i Gjermanis\u00eb n\u00eb Kiev, argumentoi se ambiciet dhe agresioni i Rusis\u00eb nuk kufizohen vet\u00ebm n\u00eb luft\u00ebn n\u00eb Ukrain\u00eb.<\/p>\n<p>\u201cNe nuk duhet t\u00eb rrim\u00eb duarkryq dhe t\u00eb supozojm\u00eb se nj\u00eb sulm i mundsh\u00ebm rus do t\u00eb ndodh\u00eb m\u00eb her\u00ebt se viti 2029\u201d, tha Jaeger, duke iu referuar nj\u00eb vler\u00ebsimi t\u00eb m\u00ebparsh\u00ebm t\u00eb inteligjenc\u00ebs gjermane. \u201cNe jemi tashm\u00eb n\u00ebn zjarr sot\u201d.<\/p>\n<p>\u201cMjetet q\u00eb p\u00ebrdor Moska jan\u00eb t\u00eb njohura \u2013 p\u00ebrpjekje p\u00ebr manipulim t\u00eb zgjedhjeve dhe opinionit publik, propagand\u00eb, provokime, dezinformim, spiunazh, sabotim, shkelje t\u00eb hap\u00ebsir\u00ebs ajrore nga dron\u00eb dhe avion\u00eb luftarak\u00eb, vrasje me pages\u00eb, p\u00ebrndjekja e figurave t\u00eb opozit\u00ebs q\u00eb jetojn\u00eb jasht\u00eb vendit\u201d, shtoi ai.<\/p>\n<p>Sinan Selen, udh\u00ebheq\u00ebs i sh\u00ebrbimit gjerman t\u00eb inteligjenc\u00ebs s\u00eb brendshme (BfV), tha se incidentet e fundit me dron\u00eb n\u00ebnvizojn\u00eb \u201ck\u00ebrc\u00ebnimin hibrid\u201d t\u00eb mundsh\u00ebm p\u00ebr Gjermanin\u00eb dhe aleat\u00ebt e saj evropian\u00eb.<\/p>\n<p>\u201cRusia po ndjek me agresivitet ambiciet e saj politike ndaj Gjermanis\u00eb, BE-s\u00eb dhe aleat\u00ebve t\u00eb saj per\u00ebndimor\u00eb\u201d, tha Selen, i cili p\u00ebrshkroi sjelljen e Rusis\u00eb si \u201cgjithnj\u00eb e m\u00eb p\u00ebrshkall\u00ebzuese\u201d.<\/p>\n<p>P\u00ebrball\u00eb rritjes s\u00eb k\u00ebrc\u00ebnimit rus, sh\u00ebrbimet e inteligjenc\u00ebs gjermane po p\u00ebrpiqen t\u00eb p\u00ebrshtaten me realitetin e ri. Ligjv\u00ebn\u00ebsit gjerman\u00eb po p\u00ebrgatisin nj\u00eb rishikim t\u00eb legjislacionit q\u00eb rregullon sh\u00ebrbimet sekrete, p\u00ebr t\u2019u dh\u00ebn\u00eb atyre kapacitete q\u00eb do t\u00eb ishin m\u00eb t\u00eb p\u00ebrshtatshme p\u00ebr t\u2019u p\u00ebrballur me k\u00ebrc\u00ebnimet.<\/p>\n<p>REL<\/p>\n<p>The post <a href=\"https:\/\/lapsi.al\/2025\/10\/13\/shefi-i-inteligjences-gjermane-jep-alarmin-rusia-mund-te-sulmoje-nato-n\/\">Shefi i inteligjenc\u00ebs gjermane jep alarmin: Rusia mund t\u00eb sulmoj\u00eb NATO-n<\/a> appeared first on <a href=\"https:\/\/lapsi.al\/\">Lapsi.al<\/a>.<\/p>","protected":false},"excerpt":{"rendered":"<p>Shefi i inteligjenc\u00ebs t\u00eb Gjermanis\u00eb paralajm\u00ebroi se Rusia paraqet k\u00ebrc\u00ebnim t\u00eb drejtp\u00ebrdrejt\u00eb dhe se \u201cpaqja e tensionuar\u201d n\u00eb Bashkimin Evropian mund t\u00eb shp\u00ebrthej\u00eb n\u00eb \u00e7do moment n\u00eb nj\u00eb \u201cp\u00ebrplasje t\u00eb nxeht\u00eb\u201d. Martin Jaeger, kreu i sh\u00ebrbimit BND t\u00eb spiunazhit, u tha ligjv\u00ebn\u00ebsve se Rusia \u00ebsht\u00eb e vendosur q\u00eb t\u00eb zgjeroj\u00eb \u201csfer\u00ebn e saj t\u00eb ndikimit [&hellip;]<\/p>\n","protected":false},"author":0,"featured_media":0,"comment_status":"open","ping_status":"open","sticky":false,"template":"","format":"standard","meta":{"footnotes":""},"categories":[1],"tags":[],"class_list":["post-46211","post","type-post","status-publish","format-standard","hentry","category-uncategorized"],"_links":{"self":[{"href":"https:\/\/zennihost.com\/test\/wp-json\/wp\/v2\/posts\/46211","targetHints":{"allow":["GET"]}}],"collection":[{"href":"https:\/\/zennihost.com\/test\/wp-json\/wp\/v2\/posts"}],"about":[{"href":"https:\/\/zennihost.com\/test\/wp-json\/wp\/v2\/types\/post"}],"replies":[{"embeddable":true,"href":"https:\/\/zennihost.com\/test\/wp-json\/wp\/v2\/comments?post=46211"}],"version-history":[{"count":0,"href":"https:\/\/zennihost.com\/test\/wp-json\/wp\/v2\/posts\/46211\/revisions"}],"wp:attachment":[{"href":"https:\/\/zennihost.com\/test\/wp-json\/wp\/v2\/media?parent=46211"}],"wp:term":[{"taxonomy":"category","embeddable":true,"href":"https:\/\/zennihost.com\/test\/wp-json\/wp\/v2\/categories?post=46211"},{"taxonomy":"post_tag","embeddable":true,"href":"https:\/\/zennihost.com\/test\/wp-json\/wp\/v2\/tags?post=46211"}],"curies":[{"name":"wp","href":"https:\/\/api.w.org\/{rel}","templated":true}]}}