{"id":46207,"date":"2025-10-13T18:48:37","date_gmt":"2025-10-13T18:48:37","guid":{"rendered":"https:\/\/zennihost.com\/test\/2025\/10\/13\/fjalimi-permbylles-i-trump-ne-samitin-e-sharm-el-sheikhut-ne-kete-atmosfere-te-mire-le-ta-vazhdojme-kete-bashkepunim\/"},"modified":"2025-10-13T18:48:37","modified_gmt":"2025-10-13T18:48:37","slug":"fjalimi-permbylles-i-trump-ne-samitin-e-sharm-el-sheikhut-ne-kete-atmosfere-te-mire-le-ta-vazhdojme-kete-bashkepunim","status":"publish","type":"post","link":"https:\/\/zennihost.com\/test\/2025\/10\/13\/fjalimi-permbylles-i-trump-ne-samitin-e-sharm-el-sheikhut-ne-kete-atmosfere-te-mire-le-ta-vazhdojme-kete-bashkepunim\/","title":{"rendered":"Fjalimi p\u00ebrmbyll\u00ebs i Trump n\u00eb samitin e Sharm El-Sheikhut: N\u00eb k\u00ebt\u00eb atmosfer\u00eb t\u00eb mir\u00eb le ta vazhdojm\u00eb k\u00ebt\u00eb bashk\u00ebpunim"},"content":{"rendered":"<p>Presidenti i SHBA-s\u00eb, Donald Trump, mbajti fjalimin e tij t\u00eb mbylljes n\u00eb Sharm el-Sheikh t\u00eb Egjiptit, s\u00eb bashku me udh\u00ebheq\u00ebs t\u00eb ndrysh\u00ebm bot\u00ebror\u00eb q\u00eb u mblodh\u00ebn p\u00ebr n\u00ebnshkrimin e marr\u00ebveshjes s\u00eb arm\u00ebpushimit, duke theksuar natyr\u00ebn historike t\u00eb marr\u00ebveshjes dhe unitetin n\u00eb k\u00ebt\u00eb moment.<\/p>\n<p>\u201cKjo \u00ebsht\u00eb hera e par\u00eb q\u00eb kriza e Lindjes s\u00eb Mesme i ka bashkuar njer\u00ebzit, n\u00eb vend q\u00eb t\u2019i ndaj\u00eb ata, dhe p\u00ebr t\u00eb deklaruar se e ardhmja jon\u00eb nuk do t\u00eb sundohet nga grindjet e brezave t\u00eb kaluar, gj\u00eb q\u00eb \u00ebsht\u00eb marr\u00ebzi. Pra, s\u00eb bashku, le t\u00eb vazhdojm\u00eb n\u00eb frym\u00ebn e bashk\u00ebpunimit dhe vullnetit t\u00eb mir\u00eb q\u00eb m\u00eb n\u00eb fund na ka sjell\u00eb n\u00eb k\u00ebt\u00eb p\u00ebrparim t\u00eb pabesuesh\u00ebm dhe historik\u201d, tha Trump.<\/p>\n<p>Duke folur n\u00eb qend\u00ebr t\u00eb sken\u00ebs n\u00eb nj\u00eb podium me udh\u00ebheq\u00ebs bot\u00ebror\u00eb q\u00eb q\u00ebndronin pas tij, Trump e quajti veten nj\u00eb marr\u00ebveshjeb\u00ebr\u00ebs dhe tha se kjo marr\u00ebveshje ka potencialin t\u00eb jet\u00eb \u201cm\u00eb e madhja\u201d.<\/p>\n<p>\u201cE gjitha u bashkua vet\u00ebm n\u00eb nj\u00eb periudh\u00eb t\u00eb shkurt\u00ebr. Marr\u00ebveshjet m\u00eb t\u00eb m\u00ebdha thjesht ndodhin. Dhe kjo \u00ebsht\u00eb ajo q\u00eb ndodhi k\u00ebtu. Dhe ndoshta kjo do t\u00eb jet\u00eb marr\u00ebveshja m\u00eb e madhe nga t\u00eb gjitha\u201d, tha presidenti.<br \/>\nPas fjalimeve t\u00eb Trump, ai u takua privatisht p\u00ebr \u201cnj\u00eb bised\u00eb t\u00eb shkurt\u00ebr\u201d me udh\u00ebheq\u00ebsit e mbledhur.<\/p>\n<p>The post <a href=\"https:\/\/lexo.al\/2025\/10\/fjalimi-permbylles-i-trump-ne-samitin-e-sharm-el-sheikhut-ne-kete-atmosfere-te-mire-le-ta-vazhdojme-kete-bashkepunim\/\">Fjalimi p\u00ebrmbyll\u00ebs i Trump n\u00eb samitin e Sharm El-Sheikhut: N\u00eb k\u00ebt\u00eb atmosfer\u00eb t\u00eb mir\u00eb le ta vazhdojm\u00eb k\u00ebt\u00eb bashk\u00ebpunim<\/a> appeared first on <a href=\"https:\/\/lexo.al\/\">www.lexo.al<\/a>.<\/p>","protected":false},"excerpt":{"rendered":"<p>Presidenti i SHBA-s\u00eb, Donald Trump, mbajti fjalimin e tij t\u00eb mbylljes n\u00eb Sharm el-Sheikh t\u00eb Egjiptit, s\u00eb bashku me udh\u00ebheq\u00ebs t\u00eb ndrysh\u00ebm bot\u00ebror\u00eb q\u00eb u mblodh\u00ebn p\u00ebr n\u00ebnshkrimin e marr\u00ebveshjes s\u00eb arm\u00ebpushimit, duke theksuar natyr\u00ebn historike t\u00eb marr\u00ebveshjes dhe unitetin n\u00eb k\u00ebt\u00eb moment. \u201cKjo \u00ebsht\u00eb hera e par\u00eb q\u00eb kriza e Lindjes s\u00eb Mesme i [&hellip;]<\/p>\n","protected":false},"author":0,"featured_media":0,"comment_status":"open","ping_status":"open","sticky":false,"template":"","format":"standard","meta":{"footnotes":""},"categories":[1],"tags":[],"class_list":["post-46207","post","type-post","status-publish","format-standard","hentry","category-uncategorized"],"_links":{"self":[{"href":"https:\/\/zennihost.com\/test\/wp-json\/wp\/v2\/posts\/46207","targetHints":{"allow":["GET"]}}],"collection":[{"href":"https:\/\/zennihost.com\/test\/wp-json\/wp\/v2\/posts"}],"about":[{"href":"https:\/\/zennihost.com\/test\/wp-json\/wp\/v2\/types\/post"}],"replies":[{"embeddable":true,"href":"https:\/\/zennihost.com\/test\/wp-json\/wp\/v2\/comments?post=46207"}],"version-history":[{"count":0,"href":"https:\/\/zennihost.com\/test\/wp-json\/wp\/v2\/posts\/46207\/revisions"}],"wp:attachment":[{"href":"https:\/\/zennihost.com\/test\/wp-json\/wp\/v2\/media?parent=46207"}],"wp:term":[{"taxonomy":"category","embeddable":true,"href":"https:\/\/zennihost.com\/test\/wp-json\/wp\/v2\/categories?post=46207"},{"taxonomy":"post_tag","embeddable":true,"href":"https:\/\/zennihost.com\/test\/wp-json\/wp\/v2\/tags?post=46207"}],"curies":[{"name":"wp","href":"https:\/\/api.w.org\/{rel}","templated":true}]}}