{"id":46206,"date":"2025-10-13T18:48:37","date_gmt":"2025-10-13T18:48:37","guid":{"rendered":"https:\/\/zennihost.com\/test\/2025\/10\/13\/liria-ka-emer-rama-shperndan-thirrjen-per-tubimin-me-17-tetor-ne-tirane-drejtesi-per-clirimtaret\/"},"modified":"2025-10-13T18:48:37","modified_gmt":"2025-10-13T18:48:37","slug":"liria-ka-emer-rama-shperndan-thirrjen-per-tubimin-me-17-tetor-ne-tirane-drejtesi-per-clirimtaret","status":"publish","type":"post","link":"https:\/\/zennihost.com\/test\/2025\/10\/13\/liria-ka-emer-rama-shperndan-thirrjen-per-tubimin-me-17-tetor-ne-tirane-drejtesi-per-clirimtaret\/","title":{"rendered":"\u201cLiria ka em\u00ebr\u201d, Rama shp\u00ebrndan thirrjen p\u00ebr tubimin m\u00eb 17 tetor n\u00eb Tiran\u00eb: Drejt\u00ebsi p\u00ebr \u00e7lirimtar\u00ebt!"},"content":{"rendered":"<p>Kryeministri Edi Rama ka ndar\u00eb nj\u00eb postim n\u00eb rrjetet sociale ku shpreh mb\u00ebshtetjen e tij p\u00ebr nj\u00eb thirrje publike q\u00eb fton qytetar\u00ebt shqiptar\u00eb nga t\u00eb gjitha trevat dhe diaspora t\u00eb bashkohen n\u00eb nj\u00eb tubim solidariteti.<\/p>\n<p>N\u00eb mesazhin e tij, Rama thekson se \u201cLiria ka em\u00ebr\u201d dhe tregon se ndihet i nderuar t\u00eb ndaj\u00eb k\u00ebt\u00eb ftes\u00eb, q\u00eb synon t\u00eb k\u00ebrkoj\u00eb drejt\u00ebsi p\u00ebr \u00e7lirimtar\u00ebt, m\u00eb 17 tetor, ora 17:00.<\/p>\n<p>\u201cMe k\u00ebnaq\u00ebsi dhe i nderuar t\u2019u bindem organizator\u00ebve p\u00ebr ta postuar k\u00ebt\u00eb ftes\u00eb-thirrje. Liria ka em\u00ebr! Nga Kosova, Maqedonia e Veriut, Shqip\u00ebria, diaspora e \u00e7do cep i trojeve shqiptare mij\u00ebra zemra do t\u00eb bashkohen k\u00ebt\u00eb t\u00eb premte, m\u00eb 17 tetor, ora 17:00, p\u00ebr t\u00eb k\u00ebrkuar nj\u00ebz\u00ebri drejt\u00ebsi p\u00ebr \u00e7lirimtar\u00ebt\u201d, ka shkruar kryeministri Rama.<\/p>\n<p>The post <a href=\"https:\/\/lexo.al\/2025\/10\/liria-ka-emer-rama-shperndan-thirrjen-per-tubimin-me-17-tetor-ne-tirane-drejtesi-per-clirimtaret\/\">\u201cLiria ka em\u00ebr\u201d, Rama shp\u00ebrndan thirrjen p\u00ebr tubimin m\u00eb 17 tetor n\u00eb Tiran\u00eb: Drejt\u00ebsi p\u00ebr \u00e7lirimtar\u00ebt!<\/a> appeared first on <a href=\"https:\/\/lexo.al\/\">www.lexo.al<\/a>.<\/p>","protected":false},"excerpt":{"rendered":"<p>Kryeministri Edi Rama ka ndar\u00eb nj\u00eb postim n\u00eb rrjetet sociale ku shpreh mb\u00ebshtetjen e tij p\u00ebr nj\u00eb thirrje publike q\u00eb fton qytetar\u00ebt shqiptar\u00eb nga t\u00eb gjitha trevat dhe diaspora t\u00eb bashkohen n\u00eb nj\u00eb tubim solidariteti. N\u00eb mesazhin e tij, Rama thekson se \u201cLiria ka em\u00ebr\u201d dhe tregon se ndihet i nderuar t\u00eb ndaj\u00eb k\u00ebt\u00eb ftes\u00eb, [&hellip;]<\/p>\n","protected":false},"author":0,"featured_media":0,"comment_status":"open","ping_status":"open","sticky":false,"template":"","format":"standard","meta":{"footnotes":""},"categories":[1],"tags":[],"class_list":["post-46206","post","type-post","status-publish","format-standard","hentry","category-uncategorized"],"_links":{"self":[{"href":"https:\/\/zennihost.com\/test\/wp-json\/wp\/v2\/posts\/46206","targetHints":{"allow":["GET"]}}],"collection":[{"href":"https:\/\/zennihost.com\/test\/wp-json\/wp\/v2\/posts"}],"about":[{"href":"https:\/\/zennihost.com\/test\/wp-json\/wp\/v2\/types\/post"}],"replies":[{"embeddable":true,"href":"https:\/\/zennihost.com\/test\/wp-json\/wp\/v2\/comments?post=46206"}],"version-history":[{"count":0,"href":"https:\/\/zennihost.com\/test\/wp-json\/wp\/v2\/posts\/46206\/revisions"}],"wp:attachment":[{"href":"https:\/\/zennihost.com\/test\/wp-json\/wp\/v2\/media?parent=46206"}],"wp:term":[{"taxonomy":"category","embeddable":true,"href":"https:\/\/zennihost.com\/test\/wp-json\/wp\/v2\/categories?post=46206"},{"taxonomy":"post_tag","embeddable":true,"href":"https:\/\/zennihost.com\/test\/wp-json\/wp\/v2\/tags?post=46206"}],"curies":[{"name":"wp","href":"https:\/\/api.w.org\/{rel}","templated":true}]}}