{"id":46203,"date":"2025-10-13T18:48:36","date_gmt":"2025-10-13T18:48:36","guid":{"rendered":"https:\/\/zennihost.com\/test\/2025\/10\/13\/dalin-pamjet-tronditese-policia-dhunon-tre-minatore-protestues-ne-mirdite\/"},"modified":"2025-10-13T18:48:36","modified_gmt":"2025-10-13T18:48:36","slug":"dalin-pamjet-tronditese-policia-dhunon-tre-minatore-protestues-ne-mirdite","status":"publish","type":"post","link":"https:\/\/zennihost.com\/test\/2025\/10\/13\/dalin-pamjet-tronditese-policia-dhunon-tre-minatore-protestues-ne-mirdite\/","title":{"rendered":"Dalin pamjet trondit\u00ebse: Policia dhunon tre minator\u00eb protestues n\u00eb Mirdit\u00eb"},"content":{"rendered":"<div>\n<div class=\"wp-video\"><!--[if lt IE 9]&gt;document.createElement('video');&lt;![endif]--><br \/>\n<a href=\"https:\/\/gijotina.com\/wp-content\/uploads\/2025\/10\/AQPF8IImOLPDWP4RiuL6EGIXA0q5p-9qVCWbU0bN-Qko9X4Yp5NAmGxsmNL3IsXJOjIjcA0GwSsHjxIpqy4KMtN2s87hJl9Zc6w6yuksRje1_Q.mp4\">https:\/\/gijotina.com\/wp-content\/uploads\/2025\/10\/AQPF8IImOLPDWP4RiuL6EGIXA0q5p-9qVCWbU0bN-Qko9X4Yp5NAmGxsmNL3IsXJOjIjcA0GwSsHjxIpqy4KMtN2s87hJl9Zc6w6yuksRje1_Q.mp4<\/a><\/div>\n<p>Dalin pamjet ku\u00a0 tregojn\u00eb momentet e dhun\u00ebs s\u00eb ushtruar nga efektiv\u00eb t\u00eb Policis\u00eb s\u00eb Mirdit\u00ebs ndaj tre minator\u00ebve protestues, gjat\u00eb ndalimit t\u00eb tyre publik. Videoja tregon ushtrimin e dhun\u00ebs, ndaj minatoreve qe trehiqen nga policia.<\/p>\n<p>Ngjarja ka nxitur reagime t\u00eb forta n\u00eb komunitetin lokal, ku qytetar\u00eb dhe familjar\u00eb t\u00eb minator\u00ebve k\u00ebrkojn\u00eb lirimin e menj\u00ebhersh\u00ebm t\u00eb t\u00eb ndaluarve dhe nisjen e nj\u00eb hetimi t\u00eb pavarur ndaj kompanis\u00eb TETE Albania, e cila sipas tyre ka qen\u00eb arsyeja kryesore e protest\u00ebs s\u00eb minator\u00ebve.<\/p>\n<p>\u201cNe mirditor\u00ebt presim lirimin e tre minator\u00ebve dhe fillimin e hetimeve. Z\u00ebri yn\u00eb nuk do t\u00eb shuhet. Vet\u00ebm do t\u00eb shtohet\u201d, thuhet n\u00eb nj\u00eb reagim t\u00eb p\u00ebrbashk\u00ebt nga protestuesit, duke paralajm\u00ebruar se situata mund t\u00eb p\u00ebrshkall\u00ebzohet n\u00ebse autoritetet nuk reagojn\u00eb.<\/p>\n<p>Ngjarja vjen vet\u00ebm pak jav\u00eb pasi tensionet n\u00eb zon\u00eb u shtuan, pas veprimit simbolik t\u00eb disa banor\u00ebve, t\u00eb cil\u00ebt hoq\u00ebn flamurin nga godina e kompanis\u00eb n\u00eb shenj\u00eb proteste.<\/p>\n<p>Autoritetet ende nuk kan\u00eb dh\u00ebn\u00eb nj\u00eb reagim zyrtar mbi pamjet e dhun\u00ebs apo mbi k\u00ebrkesat e protestuesve.<\/p>\n<div class=\"wp-video\"><a href=\"https:\/\/gijotina.com\/wp-content\/uploads\/2025\/10\/AQPDxaPkRh4OZhbq6sAXxynVWl6cmjn6cyOCfphTvfpEUcGi3EQG46nA8eeTisdUlwa4J0H1CgLlNo-GFZYQXJ1pa3Fs8PXMAIypdg53sw.mp4\">https:\/\/gijotina.com\/wp-content\/uploads\/2025\/10\/AQPDxaPkRh4OZhbq6sAXxynVWl6cmjn6cyOCfphTvfpEUcGi3EQG46nA8eeTisdUlwa4J0H1CgLlNo-GFZYQXJ1pa3Fs8PXMAIypdg53sw.mp4<\/a><\/div>\n<\/div>\n<p>The post <a href=\"https:\/\/gijotina.com\/dalin-pamjet-tronditese-policia-dhunon-tre-minatore-protestues-ne-mirdite\/\">Dalin pamjet trondit\u00ebse: Policia dhunon tre minator\u00eb protestues n\u00eb Mirdit\u00eb<\/a> appeared first on <a href=\"https:\/\/gijotina.com\/\">GIJOTINA<\/a>.<\/p>","protected":false},"excerpt":{"rendered":"<p>https:\/\/gijotina.com\/wp-content\/uploads\/2025\/10\/AQPF8IImOLPDWP4RiuL6EGIXA0q5p-9qVCWbU0bN-Qko9X4Yp5NAmGxsmNL3IsXJOjIjcA0GwSsHjxIpqy4KMtN2s87hJl9Zc6w6yuksRje1_Q.mp4 Dalin pamjet ku\u00a0 tregojn\u00eb momentet e dhun\u00ebs s\u00eb ushtruar nga efektiv\u00eb t\u00eb Policis\u00eb s\u00eb Mirdit\u00ebs ndaj tre minator\u00ebve protestues, gjat\u00eb ndalimit t\u00eb tyre publik. Videoja tregon ushtrimin e dhun\u00ebs, ndaj minatoreve qe trehiqen nga policia. Ngjarja ka nxitur reagime t\u00eb forta n\u00eb komunitetin lokal, ku qytetar\u00eb dhe familjar\u00eb t\u00eb minator\u00ebve k\u00ebrkojn\u00eb lirimin e menj\u00ebhersh\u00ebm [&hellip;]<\/p>\n","protected":false},"author":0,"featured_media":0,"comment_status":"open","ping_status":"open","sticky":false,"template":"","format":"standard","meta":{"footnotes":""},"categories":[1],"tags":[],"class_list":["post-46203","post","type-post","status-publish","format-standard","hentry","category-uncategorized"],"_links":{"self":[{"href":"https:\/\/zennihost.com\/test\/wp-json\/wp\/v2\/posts\/46203","targetHints":{"allow":["GET"]}}],"collection":[{"href":"https:\/\/zennihost.com\/test\/wp-json\/wp\/v2\/posts"}],"about":[{"href":"https:\/\/zennihost.com\/test\/wp-json\/wp\/v2\/types\/post"}],"replies":[{"embeddable":true,"href":"https:\/\/zennihost.com\/test\/wp-json\/wp\/v2\/comments?post=46203"}],"version-history":[{"count":0,"href":"https:\/\/zennihost.com\/test\/wp-json\/wp\/v2\/posts\/46203\/revisions"}],"wp:attachment":[{"href":"https:\/\/zennihost.com\/test\/wp-json\/wp\/v2\/media?parent=46203"}],"wp:term":[{"taxonomy":"category","embeddable":true,"href":"https:\/\/zennihost.com\/test\/wp-json\/wp\/v2\/categories?post=46203"},{"taxonomy":"post_tag","embeddable":true,"href":"https:\/\/zennihost.com\/test\/wp-json\/wp\/v2\/tags?post=46203"}],"curies":[{"name":"wp","href":"https:\/\/api.w.org\/{rel}","templated":true}]}}