{"id":46201,"date":"2025-10-13T18:48:36","date_gmt":"2025-10-13T18:48:36","guid":{"rendered":"https:\/\/zennihost.com\/test\/2025\/10\/13\/video-kombetarja-mbyll-pergatitjet-per-ndeshjen-ndaj-jordanise-ne-air-albania\/"},"modified":"2025-10-13T18:48:36","modified_gmt":"2025-10-13T18:48:36","slug":"video-kombetarja-mbyll-pergatitjet-per-ndeshjen-ndaj-jordanise-ne-air-albania","status":"publish","type":"post","link":"https:\/\/zennihost.com\/test\/2025\/10\/13\/video-kombetarja-mbyll-pergatitjet-per-ndeshjen-ndaj-jordanise-ne-air-albania\/","title":{"rendered":"(VIDEO) Komb\u00ebtarja mbyll p\u00ebrgatitjet p\u00ebr ndeshjen ndaj Jordanis\u00eb n\u00eb \u201cAir Albania\u201d"},"content":{"rendered":"<p>Komb\u00ebtarja shqiptare ka mbyllur p\u00ebrgatitjet p\u00ebr ndeshjen e nes\u00ebrme ndaj Jordanis\u00eb, q\u00eb do t\u00eb luhet n\u00eb stadiumin \u201cAir Albania\u201d, n\u00eb or\u00ebn 19:00.<\/p>\n<p>Kuqezinjt\u00eb zhvilluan nj\u00eb seanc\u00eb t\u00eb plot\u00eb st\u00ebrvitore n\u00ebn drejtimin e trajnerit Silvinjo dhe stafit teknik, nd\u00ebrsa t\u00eb gjith\u00eb lojtar\u00ebt jan\u00eb gati p\u00ebr sfid\u00ebn ndaj Jordanis\u00eb.<\/p>\n<p>Atmosfera brenda grupit \u00ebsht\u00eb shum\u00eb e mir\u00eb dhe pozitive.<\/p>\n<p>Biletat p\u00ebr ndeshjen e nes\u00ebrme, Shqip\u00ebri \u2013 Jordani, jan\u00eb n\u00eb shitje online n\u00eb ebileta.al, si edhe n\u00eb pik\u00ebn fizike pran\u00eb stadiumit \u201cAir Albania\u201d.<\/p>\n<div class=\"jeg_video_container jeg_video_content\"><\/div>\n<p>The post <a href=\"https:\/\/gijotina.com\/video-kombetarja-mbyll-pergatitjet-per-ndeshjen-ndaj-jordanise-ne-air-albania\/\">(VIDEO) Komb\u00ebtarja mbyll p\u00ebrgatitjet p\u00ebr ndeshjen ndaj Jordanis\u00eb n\u00eb \u201cAir Albania\u201d<\/a> appeared first on <a href=\"https:\/\/gijotina.com\/\">GIJOTINA<\/a>.<\/p>","protected":false},"excerpt":{"rendered":"<p>Komb\u00ebtarja shqiptare ka mbyllur p\u00ebrgatitjet p\u00ebr ndeshjen e nes\u00ebrme ndaj Jordanis\u00eb, q\u00eb do t\u00eb luhet n\u00eb stadiumin \u201cAir Albania\u201d, n\u00eb or\u00ebn 19:00. Kuqezinjt\u00eb zhvilluan nj\u00eb seanc\u00eb t\u00eb plot\u00eb st\u00ebrvitore n\u00ebn drejtimin e trajnerit Silvinjo dhe stafit teknik, nd\u00ebrsa t\u00eb gjith\u00eb lojtar\u00ebt jan\u00eb gati p\u00ebr sfid\u00ebn ndaj Jordanis\u00eb. Atmosfera brenda grupit \u00ebsht\u00eb shum\u00eb e mir\u00eb dhe [&hellip;]<\/p>\n","protected":false},"author":0,"featured_media":0,"comment_status":"open","ping_status":"open","sticky":false,"template":"","format":"standard","meta":{"footnotes":""},"categories":[1],"tags":[],"class_list":["post-46201","post","type-post","status-publish","format-standard","hentry","category-uncategorized"],"_links":{"self":[{"href":"https:\/\/zennihost.com\/test\/wp-json\/wp\/v2\/posts\/46201","targetHints":{"allow":["GET"]}}],"collection":[{"href":"https:\/\/zennihost.com\/test\/wp-json\/wp\/v2\/posts"}],"about":[{"href":"https:\/\/zennihost.com\/test\/wp-json\/wp\/v2\/types\/post"}],"replies":[{"embeddable":true,"href":"https:\/\/zennihost.com\/test\/wp-json\/wp\/v2\/comments?post=46201"}],"version-history":[{"count":0,"href":"https:\/\/zennihost.com\/test\/wp-json\/wp\/v2\/posts\/46201\/revisions"}],"wp:attachment":[{"href":"https:\/\/zennihost.com\/test\/wp-json\/wp\/v2\/media?parent=46201"}],"wp:term":[{"taxonomy":"category","embeddable":true,"href":"https:\/\/zennihost.com\/test\/wp-json\/wp\/v2\/categories?post=46201"},{"taxonomy":"post_tag","embeddable":true,"href":"https:\/\/zennihost.com\/test\/wp-json\/wp\/v2\/tags?post=46201"}],"curies":[{"name":"wp","href":"https:\/\/api.w.org\/{rel}","templated":true}]}}