{"id":46200,"date":"2025-10-13T18:48:35","date_gmt":"2025-10-13T18:48:35","guid":{"rendered":"https:\/\/zennihost.com\/test\/2025\/10\/13\/apelimi-nuk-e-shpeton-ish-presidentin-francez-nga-burgu-nicolas-sarkozy-do-te-vuaje-5-vite-denim-per-komplot-kriminal\/"},"modified":"2025-10-13T18:48:35","modified_gmt":"2025-10-13T18:48:35","slug":"apelimi-nuk-e-shpeton-ish-presidentin-francez-nga-burgu-nicolas-sarkozy-do-te-vuaje-5-vite-denim-per-komplot-kriminal","status":"publish","type":"post","link":"https:\/\/zennihost.com\/test\/2025\/10\/13\/apelimi-nuk-e-shpeton-ish-presidentin-francez-nga-burgu-nicolas-sarkozy-do-te-vuaje-5-vite-denim-per-komplot-kriminal\/","title":{"rendered":"Apelimi nuk e shp\u00ebton ish-presidentin francez nga burgu, Nicolas Sarkozy do t\u00eb vuaj\u00eb 5 vite d\u00ebnim p\u00ebr komplot kriminal"},"content":{"rendered":"<p>Ish-presidenti i Franc\u00ebs, Nicolas Sarkozy, do t\u00eb paraqitet m\u00eb 21 tetor n\u00eb burgun La Sant\u00e9 n\u00eb Paris, p\u00ebr t\u00eb nisur vuajtjen e d\u00ebnimit me pes\u00eb vite burg. Ai ka apeluar d\u00ebnimin, por natyra e vendimit gjyq\u00ebsor k\u00ebrkon q\u00eb ai t\u00eb shkoj\u00eb n\u00eb burg nd\u00ebrkoh\u00eb q\u00eb zhvillohet procesi i apelimit, i cili pritet t\u00eb nis\u00eb pas rreth gjasht\u00eb muajsh.<\/p>\n<p>Sarkozy u shpall fajtor p\u00ebr komplot kriminal, n\u00eb kuad\u00ebr t\u00eb nj\u00eb skeme q\u00eb p\u00ebrfshinte marrjen e fondeve zgjedhore nga regjimi i ish-diktatorit libian Muamar Gadafi.<\/p>\n<p>Vendimi e b\u00ebn 70-vje\u00e7arin udh\u00ebheq\u00ebsin e par\u00eb francez t\u00eb pasluft\u00ebs q\u00eb do t\u00eb hyj\u00eb realisht n\u00eb burg.\u00a0 Edhe pse ai e ka apeluar d\u00ebnimin, ish-presidenti\u00a0 duhet t\u00eb filloj\u00eb vuajtjen e d\u00ebnimit nd\u00ebrkoh\u00eb q\u00eb procesi i apelimit \u00ebsht\u00eb ende n\u00eb zhvillim.<\/p>\n<p>Sarkozy ka mohuar \u00e7do akuz\u00eb, duke k\u00ebmb\u00ebngulur se nuk ka qen\u00eb pjes\u00eb e asnj\u00eb komploti kriminal. Ai ka apeluar d\u00ebnimin, por natyra e vendimit gjyq\u00ebsor k\u00ebrkon q\u00eb ai t\u00eb shkoj\u00eb n\u00eb burg nd\u00ebrkoh\u00eb q\u00eb zhvillohet procesi i apelimit, i cili pritet t\u00eb nis\u00eb pas rreth gjasht\u00eb muajsh.<\/p>\n<p>Mediat franceze raportojn\u00eb se Sarkozy priti rreth 100 miq dhe bashk\u00ebpun\u00ebtor\u00eb n\u00eb nj\u00eb ngjarje private n\u00eb Paris jav\u00ebn e kaluar, q\u00eb u p\u00ebrshkrua si nj\u00eb \u201cfeste lamtumire\u201d p\u00ebrpara hyrjes n\u00eb burg.<\/p>\n<p>\u201cNuk do t\u00eb k\u00ebrkoj asnj\u00eb avantazh. Kur ke nj\u00eb kryq p\u00ebr t\u00eb mbajtur, duhet ta mbash deri n\u00eb fund\u201d, ishte shprehur ai.<\/p>\n<p>N\u00eb burg, Sarkozy pritet t\u00eb ket\u00eb nj\u00eb qeli individuale, me t\u00eb drejt\u00eb p\u00ebr nj\u00eb or\u00eb ushtrime n\u00eb dit\u00eb dhe tre vizita n\u00eb jav\u00eb.Ky nuk \u00ebsht\u00eb d\u00ebnimi i par\u00eb me burg p\u00ebr ish-presidentin francez pasi ai \u00ebsht\u00eb d\u00ebnuar edhe m\u00eb her\u00ebt p\u00ebr korrupsion.<\/p>\n<p>Ai ka sh\u00ebrbyer si President i Franc\u00ebs n\u00eb periudh\u00ebn 2007\u20132012.<\/p>\n<p>The post <a href=\"https:\/\/gijotina.com\/apelimi-nuk-e-shpeton-ish-presidentin-francez-nga-burgu-nicolas-sarkozy-do-te-vuaje-5-vite-denim-per-komplot-kriminal\/\">Apelimi nuk e shp\u00ebton ish-presidentin francez nga burgu, Nicolas Sarkozy do t\u00eb vuaj\u00eb 5 vite d\u00ebnim p\u00ebr komplot kriminal<\/a> appeared first on <a href=\"https:\/\/gijotina.com\/\">GIJOTINA<\/a>.<\/p>","protected":false},"excerpt":{"rendered":"<p>Ish-presidenti i Franc\u00ebs, Nicolas Sarkozy, do t\u00eb paraqitet m\u00eb 21 tetor n\u00eb burgun La Sant\u00e9 n\u00eb Paris, p\u00ebr t\u00eb nisur vuajtjen e d\u00ebnimit me pes\u00eb vite burg. Ai ka apeluar d\u00ebnimin, por natyra e vendimit gjyq\u00ebsor k\u00ebrkon q\u00eb ai t\u00eb shkoj\u00eb n\u00eb burg nd\u00ebrkoh\u00eb q\u00eb zhvillohet procesi i apelimit, i cili pritet t\u00eb nis\u00eb pas [&hellip;]<\/p>\n","protected":false},"author":0,"featured_media":0,"comment_status":"open","ping_status":"open","sticky":false,"template":"","format":"standard","meta":{"footnotes":""},"categories":[1],"tags":[],"class_list":["post-46200","post","type-post","status-publish","format-standard","hentry","category-uncategorized"],"_links":{"self":[{"href":"https:\/\/zennihost.com\/test\/wp-json\/wp\/v2\/posts\/46200","targetHints":{"allow":["GET"]}}],"collection":[{"href":"https:\/\/zennihost.com\/test\/wp-json\/wp\/v2\/posts"}],"about":[{"href":"https:\/\/zennihost.com\/test\/wp-json\/wp\/v2\/types\/post"}],"replies":[{"embeddable":true,"href":"https:\/\/zennihost.com\/test\/wp-json\/wp\/v2\/comments?post=46200"}],"version-history":[{"count":0,"href":"https:\/\/zennihost.com\/test\/wp-json\/wp\/v2\/posts\/46200\/revisions"}],"wp:attachment":[{"href":"https:\/\/zennihost.com\/test\/wp-json\/wp\/v2\/media?parent=46200"}],"wp:term":[{"taxonomy":"category","embeddable":true,"href":"https:\/\/zennihost.com\/test\/wp-json\/wp\/v2\/categories?post=46200"},{"taxonomy":"post_tag","embeddable":true,"href":"https:\/\/zennihost.com\/test\/wp-json\/wp\/v2\/tags?post=46200"}],"curies":[{"name":"wp","href":"https:\/\/api.w.org\/{rel}","templated":true}]}}