{"id":46196,"date":"2025-10-13T17:48:18","date_gmt":"2025-10-13T17:48:18","guid":{"rendered":"https:\/\/zennihost.com\/test\/2025\/10\/13\/drejtuesi-proda-merr-pjese-ne-certifikimin-e-415-kursanteve-te-patrulles-se-pergjithshme\/"},"modified":"2025-10-13T17:48:18","modified_gmt":"2025-10-13T17:48:18","slug":"drejtuesi-proda-merr-pjese-ne-certifikimin-e-415-kursanteve-te-patrulles-se-pergjithshme","status":"publish","type":"post","link":"https:\/\/zennihost.com\/test\/2025\/10\/13\/drejtuesi-proda-merr-pjese-ne-certifikimin-e-415-kursanteve-te-patrulles-se-pergjithshme\/","title":{"rendered":"Drejtuesi Proda merr pjes\u00eb n\u00eb certifikimin e 415 kursant\u00ebve t\u00eb Patrull\u00ebs s\u00eb P\u00ebrgjithshme"},"content":{"rendered":"<p>N\u00eb nj\u00eb ceremoni solemne t\u00eb mbajtur n\u00eb ambientet e Akademis\u00eb s\u00eb Siguris\u00eb, u certifikuan 415 kursant\u00ebt e rinj t\u00eb Patrull\u00ebs s\u00eb P\u00ebrgjithshme, t\u00eb cil\u00ebt p\u00ebrfunduan me sukses faz\u00ebn p\u00ebrgatitore p\u00ebr t\u2019u b\u00ebr\u00eb pjes\u00eb e Policis\u00eb s\u00eb Shtetit.<\/p>\n<p>T\u00eb pranish\u00ebm n\u00eb k\u00ebt\u00eb aktivitet ishin p\u00ebrfaq\u00ebsues t\u00eb institucioneve vendase dhe nd\u00ebrkomb\u00ebtare, p\u00ebrfaq\u00ebsues t\u00eb misioneve partnere, familjar\u00eb t\u00eb kursant\u00ebve dhe figura t\u00eb larta t\u00eb siguris\u00eb.<br \/>\nDrejtori i P\u00ebrgjithsh\u00ebm i Policis\u00eb s\u00eb Shtetit, Ilir Proda, mbajti nj\u00eb fjalim t\u00eb posa\u00e7\u00ebm gjat\u00eb ceremonis\u00eb, duke v\u00ebn\u00eb n\u00eb dukje r\u00ebnd\u00ebsin\u00eb e k\u00ebsaj dite, si nj\u00eb moment t\u00eb ve\u00e7ant\u00eb jo vet\u00ebm p\u00ebr kursant\u00ebt, por p\u00ebr gjith\u00eb struktur\u00ebn e Policis\u00eb s\u00eb Shtetit.<\/p>\n<p>\u201cSot padyshim \u00ebsht\u00eb nj\u00eb dit\u00eb e ve\u00e7ant\u00eb p\u00ebr Policin\u00eb e Shtetit, p\u00ebr Akademin\u00eb e Siguris\u00eb, por mbi t\u00eb gjitha, sot \u00ebsht\u00eb dita juaj\u201d, u shpreh Proda. Ai theksoi misionin fisnik dhe t\u00eb v\u00ebshtir\u00eb q\u00eb kan\u00eb zgjedhur kursant\u00ebt, duke i kujtuar se sh\u00ebrbimi ndaj qytetar\u00ebve k\u00ebrkon ndershm\u00ebri, guxim, p\u00ebrkushtim dhe humaniz\u00ebm.<\/p>\n<p>\u201cUniforma q\u00eb do t\u00eb mbani veshur \u00ebsht\u00eb simbol p\u00ebrgjegj\u00ebsie dhe nderi. Kujtoni gjithmon\u00eb q\u00eb p\u00ebr k\u00ebt\u00eb uniform\u00eb kan\u00eb dh\u00ebn\u00eb jet\u00ebn qindra d\u00ebshmor\u00eb t\u00eb Policis\u00eb dhe t\u00eb atdheut\u201d, tha m\u00eb tej Proda.<br \/>\nDuke folur p\u00ebr pritshm\u00ebrit\u00eb e qytetar\u00ebve ndaj brezit t\u00eb ri t\u00eb policis\u00eb, drejtori i p\u00ebrgjithsh\u00ebm theksoi r\u00ebnd\u00ebsin\u00eb e respektit dhe profesionalizmit n\u00eb \u00e7do nd\u00ebrveprim me publikun.<\/p>\n<p>\u201cQytetar\u00ebt presin shum\u00eb nga ju, si brezi i ri i Policis\u00eb s\u00eb Shtetit\u2026 presin t\u00eb shohin nj\u00eb polici m\u00eb af\u00ebr tyre, m\u00eb njer\u00ebzore, m\u00eb profesionale dhe m\u00eb t\u00eb drejt\u00eb\u201d, u shpreh ai. Proda u b\u00ebri thirrje kursant\u00ebve t\u00eb punojn\u00eb me p\u00ebrul\u00ebsi dhe integritet, duke e konsideruar ligjin si busull\u00ebn e tyre t\u00eb vetme n\u00eb \u00e7do situat\u00eb.<\/p>\n<p>\u201cN\u00eb \u00e7do situat\u00eb, busulla juaj \u00ebsht\u00eb ligji, jo zgjidhjet personale. Punoni me pasion dhe p\u00ebrul\u00ebsi!\u201d, theksoi ai. Ai u zotua se si drejtues i Policis\u00eb s\u00eb Shtetit do t\u00eb mb\u00ebshtes\u00eb \u00e7do punonj\u00ebs t\u00eb ndersh\u00ebm, por nj\u00ebkoh\u00ebsisht paralajm\u00ebroi se nuk do t\u00eb toleroj\u00eb abuzimet me detyr\u00ebn.<\/p>\n<p>\u201cDo t\u00eb jem pran\u00eb \u00e7do punonj\u00ebsi t\u00eb ndersh\u00ebm e t\u00eb p\u00ebrkushtuar t\u00eb Policis\u00eb s\u00eb Shtetit, por po me aq vendosm\u00ebri do t\u00eb q\u00ebndroj kund\u00ebr kujtdo q\u00eb abuzon me detyr\u00ebn ose cenon uniform\u00ebn dhe besimin e qytetar\u00ebve\u201d, deklaroi Proda. Ceremonia u mbyll me urime p\u00ebr kursant\u00ebt dhe nj\u00eb mesazh t\u00eb qart\u00eb nga kreu i Policis\u00eb s\u00eb Shtetit.<\/p>\n<p>\u201cTa nderoni uniform\u00ebn q\u00eb do t\u00eb vishni dhe t\u2019i sh\u00ebrbeni me krenari flamurit dhe atdheut!\u201d.<br \/>\nMe k\u00ebt\u00eb ceremoni, Policia e Shtetit forcon m\u00eb tej radh\u00ebt e saj me nj\u00eb brez t\u00eb ri punonj\u00ebsish t\u00eb trajnuar dhe t\u00eb p\u00ebrgatitur p\u00ebr sfidat e sh\u00ebrbimit publik.<\/p>\n<p>The post <a href=\"https:\/\/lexo.al\/2025\/10\/drejtuesi-proda-merr-pjese-ne-certifikimin-e-415-kursanteve-te-patrulles-se-pergjithshme\/\">Drejtuesi Proda merr pjes\u00eb n\u00eb certifikimin e 415 kursant\u00ebve t\u00eb Patrull\u00ebs s\u00eb P\u00ebrgjithshme<\/a> appeared first on <a href=\"https:\/\/lexo.al\/\">www.lexo.al<\/a>.<\/p>","protected":false},"excerpt":{"rendered":"<p>N\u00eb nj\u00eb ceremoni solemne t\u00eb mbajtur n\u00eb ambientet e Akademis\u00eb s\u00eb Siguris\u00eb, u certifikuan 415 kursant\u00ebt e rinj t\u00eb Patrull\u00ebs s\u00eb P\u00ebrgjithshme, t\u00eb cil\u00ebt p\u00ebrfunduan me sukses faz\u00ebn p\u00ebrgatitore p\u00ebr t\u2019u b\u00ebr\u00eb pjes\u00eb e Policis\u00eb s\u00eb Shtetit. T\u00eb pranish\u00ebm n\u00eb k\u00ebt\u00eb aktivitet ishin p\u00ebrfaq\u00ebsues t\u00eb institucioneve vendase dhe nd\u00ebrkomb\u00ebtare, p\u00ebrfaq\u00ebsues t\u00eb misioneve partnere, familjar\u00eb t\u00eb [&hellip;]<\/p>\n","protected":false},"author":0,"featured_media":0,"comment_status":"open","ping_status":"open","sticky":false,"template":"","format":"standard","meta":{"footnotes":""},"categories":[1],"tags":[],"class_list":["post-46196","post","type-post","status-publish","format-standard","hentry","category-uncategorized"],"_links":{"self":[{"href":"https:\/\/zennihost.com\/test\/wp-json\/wp\/v2\/posts\/46196","targetHints":{"allow":["GET"]}}],"collection":[{"href":"https:\/\/zennihost.com\/test\/wp-json\/wp\/v2\/posts"}],"about":[{"href":"https:\/\/zennihost.com\/test\/wp-json\/wp\/v2\/types\/post"}],"replies":[{"embeddable":true,"href":"https:\/\/zennihost.com\/test\/wp-json\/wp\/v2\/comments?post=46196"}],"version-history":[{"count":0,"href":"https:\/\/zennihost.com\/test\/wp-json\/wp\/v2\/posts\/46196\/revisions"}],"wp:attachment":[{"href":"https:\/\/zennihost.com\/test\/wp-json\/wp\/v2\/media?parent=46196"}],"wp:term":[{"taxonomy":"category","embeddable":true,"href":"https:\/\/zennihost.com\/test\/wp-json\/wp\/v2\/categories?post=46196"},{"taxonomy":"post_tag","embeddable":true,"href":"https:\/\/zennihost.com\/test\/wp-json\/wp\/v2\/tags?post=46196"}],"curies":[{"name":"wp","href":"https:\/\/api.w.org\/{rel}","templated":true}]}}