{"id":46195,"date":"2025-10-13T17:48:18","date_gmt":"2025-10-13T17:48:18","guid":{"rendered":"https:\/\/zennihost.com\/test\/2025\/10\/13\/mbyllja-e-autostrades-vore-durres-shton-trafikun-edhe-per-ne-elbasan-policia-kerkojme-mirekuptimin-e-qytetareve\/"},"modified":"2025-10-13T17:48:18","modified_gmt":"2025-10-13T17:48:18","slug":"mbyllja-e-autostrades-vore-durres-shton-trafikun-edhe-per-ne-elbasan-policia-kerkojme-mirekuptimin-e-qytetareve","status":"publish","type":"post","link":"https:\/\/zennihost.com\/test\/2025\/10\/13\/mbyllja-e-autostrades-vore-durres-shton-trafikun-edhe-per-ne-elbasan-policia-kerkojme-mirekuptimin-e-qytetareve\/","title":{"rendered":"Mbyllja e autostrad\u00ebs Vor\u00eb-Durr\u00ebs shton trafikun edhe p\u00ebr n\u00eb Elbasan, policia: K\u00ebrkojm\u00eb mir\u00ebkuptimin e qytetar\u00ebve"},"content":{"rendered":"<p>Mbyllja e segmentit t\u00eb autostrad\u00ebs Vor\u00eb- Durr\u00ebs, ka shtuar edhe fluksin e mjeteve q\u00eb l\u00ebvizin n\u00eb drejtimin Tiran\u00eb- Elbasan.<\/p>\n<p>Qindra mjete kan\u00eb kaluar nga Elbasani n\u00eb drejtim t\u00eb jugut duke sjell\u00eb edhe trafik t\u00eb r\u00ebnduar n\u00eb hyrje-dalje t\u00eb qytetit. Policia e Elbasanit ka k\u00ebrkuar mir\u00ebkuptimin e qytetar\u00ebve p\u00ebr t\u2019i dh\u00ebn\u00eb p\u00ebrpar\u00ebsi investimeve n\u00eb infrastruktur\u00ebn rrugore q\u00eb po kryhen n\u00eb segmentin Vor\u00eb- Durr\u00ebs.<\/p>\n<p>The post <a href=\"https:\/\/lexo.al\/2025\/10\/mbyllja-e-autostrades-vore-durres-shton-trafikun-edhe-per-ne-elbasan-policia-kerkojme-mirekuptimin-e-qytetareve\/\">Mbyllja e autostrad\u00ebs Vor\u00eb-Durr\u00ebs shton trafikun edhe p\u00ebr n\u00eb Elbasan, policia: K\u00ebrkojm\u00eb mir\u00ebkuptimin e qytetar\u00ebve<\/a> appeared first on <a href=\"https:\/\/lexo.al\/\">www.lexo.al<\/a>.<\/p>","protected":false},"excerpt":{"rendered":"<p>Mbyllja e segmentit t\u00eb autostrad\u00ebs Vor\u00eb- Durr\u00ebs, ka shtuar edhe fluksin e mjeteve q\u00eb l\u00ebvizin n\u00eb drejtimin Tiran\u00eb- Elbasan. Qindra mjete kan\u00eb kaluar nga Elbasani n\u00eb drejtim t\u00eb jugut duke sjell\u00eb edhe trafik t\u00eb r\u00ebnduar n\u00eb hyrje-dalje t\u00eb qytetit. Policia e Elbasanit ka k\u00ebrkuar mir\u00ebkuptimin e qytetar\u00ebve p\u00ebr t\u2019i dh\u00ebn\u00eb p\u00ebrpar\u00ebsi investimeve n\u00eb infrastruktur\u00ebn rrugore [&hellip;]<\/p>\n","protected":false},"author":0,"featured_media":0,"comment_status":"open","ping_status":"open","sticky":false,"template":"","format":"standard","meta":{"footnotes":""},"categories":[1],"tags":[],"class_list":["post-46195","post","type-post","status-publish","format-standard","hentry","category-uncategorized"],"_links":{"self":[{"href":"https:\/\/zennihost.com\/test\/wp-json\/wp\/v2\/posts\/46195","targetHints":{"allow":["GET"]}}],"collection":[{"href":"https:\/\/zennihost.com\/test\/wp-json\/wp\/v2\/posts"}],"about":[{"href":"https:\/\/zennihost.com\/test\/wp-json\/wp\/v2\/types\/post"}],"replies":[{"embeddable":true,"href":"https:\/\/zennihost.com\/test\/wp-json\/wp\/v2\/comments?post=46195"}],"version-history":[{"count":0,"href":"https:\/\/zennihost.com\/test\/wp-json\/wp\/v2\/posts\/46195\/revisions"}],"wp:attachment":[{"href":"https:\/\/zennihost.com\/test\/wp-json\/wp\/v2\/media?parent=46195"}],"wp:term":[{"taxonomy":"category","embeddable":true,"href":"https:\/\/zennihost.com\/test\/wp-json\/wp\/v2\/categories?post=46195"},{"taxonomy":"post_tag","embeddable":true,"href":"https:\/\/zennihost.com\/test\/wp-json\/wp\/v2\/tags?post=46195"}],"curies":[{"name":"wp","href":"https:\/\/api.w.org\/{rel}","templated":true}]}}