{"id":46193,"date":"2025-10-13T17:48:17","date_gmt":"2025-10-13T17:48:17","guid":{"rendered":"https:\/\/zennihost.com\/test\/2025\/10\/13\/avokati-i-popullit-nis-nga-e-para-mazhoranca-shpall-vakancen-pa-opoziten\/"},"modified":"2025-10-13T17:48:17","modified_gmt":"2025-10-13T17:48:17","slug":"avokati-i-popullit-nis-nga-e-para-mazhoranca-shpall-vakancen-pa-opoziten","status":"publish","type":"post","link":"https:\/\/zennihost.com\/test\/2025\/10\/13\/avokati-i-popullit-nis-nga-e-para-mazhoranca-shpall-vakancen-pa-opoziten\/","title":{"rendered":"Avokati i Popullit, nis nga e para: Mazhoranca shpall vakanc\u00ebn pa opozit\u00ebn"},"content":{"rendered":"<p>Komisioni i Ligjeve ka shpallur k\u00ebt\u00eb t\u00eb h\u00ebn\u00eb vakanc\u00ebn p\u00ebr pozicionin e Avokatit t\u00eb Popullit, duke i hapur rrug\u00eb procedur\u00ebs p\u00ebr aplikimet e reja. T\u00eb interesuarit kan\u00eb afat 20 dit\u00eb nga vendimi p\u00ebr t\u00eb dor\u00ebzuar dokumentacionin p\u00ebrkat\u00ebs dhe p\u00ebr t\u2019u kualifikuar si kandidat\u00eb.<\/p>\n<p>Opozita ka kund\u00ebrshtuar vendimin, duke argumentuar se shpallja e vakanc\u00ebs \u00ebsht\u00eb b\u00ebr\u00eb nj\u00eb her\u00eb gjat\u00eb legjislatur\u00ebs s\u00eb kaluar dhe nuk \u00ebsht\u00eb m\u00eb e nevojshme ta p\u00ebrs\u00ebris\u00eb.<\/p>\n<p>Kryetari i Komisionit, Ulsi Manja, e ka cil\u00ebsuar t\u00eb pavlefsh\u00ebm k\u00ebt\u00eb q\u00ebndrim, duke theksuar se nj\u00eb pjes\u00eb e deputet\u00ebve t\u00eb m\u00ebparsh\u00ebm q\u00eb kishin mb\u00ebshtetur kandidatura tashm\u00eb nuk jan\u00eb m\u00eb pjes\u00eb e Kuvendit. P\u00ebr k\u00ebt\u00eb arsye, sipas tij, procesi i m\u00ebparsh\u00ebm \u00ebsht\u00eb i skaduar dhe duhet rihapur.<\/p>\n<p>Vakanca p\u00ebr Avokatin e Popullit u shpall vet\u00ebm me votat e mazhoranc\u00ebs \u2013 8 vota pro nga socialist\u00ebt \u2013 nd\u00ebrsa 5 deputet\u00ebt e opozit\u00ebs bojkotuan votimin.<\/p>\n<p>Nd\u00ebrkoh\u00eb, me konsensus mes mazhoranc\u00ebs dhe opozit\u00ebs, Komisioni i Ligjeve shpalli me 13 vota pro edhe vakanc\u00ebn p\u00ebr pozicionin n\u00eb Komisionin p\u00ebr Mbik\u00ebqyrjen e Sh\u00ebrbimit Civil.<\/p>\n<p>The post <a href=\"https:\/\/gijotina.com\/avokati-i-popullit-nis-nga-e-para-mazhoranca-shpall-vakancen-pa-opoziten\/\">Avokati i Popullit, nis nga e para: Mazhoranca shpall vakanc\u00ebn pa opozit\u00ebn<\/a> appeared first on <a href=\"https:\/\/gijotina.com\/\">GIJOTINA<\/a>.<\/p>","protected":false},"excerpt":{"rendered":"<p>Komisioni i Ligjeve ka shpallur k\u00ebt\u00eb t\u00eb h\u00ebn\u00eb vakanc\u00ebn p\u00ebr pozicionin e Avokatit t\u00eb Popullit, duke i hapur rrug\u00eb procedur\u00ebs p\u00ebr aplikimet e reja. T\u00eb interesuarit kan\u00eb afat 20 dit\u00eb nga vendimi p\u00ebr t\u00eb dor\u00ebzuar dokumentacionin p\u00ebrkat\u00ebs dhe p\u00ebr t\u2019u kualifikuar si kandidat\u00eb. Opozita ka kund\u00ebrshtuar vendimin, duke argumentuar se shpallja e vakanc\u00ebs \u00ebsht\u00eb b\u00ebr\u00eb [&hellip;]<\/p>\n","protected":false},"author":0,"featured_media":0,"comment_status":"open","ping_status":"open","sticky":false,"template":"","format":"standard","meta":{"footnotes":""},"categories":[1],"tags":[],"class_list":["post-46193","post","type-post","status-publish","format-standard","hentry","category-uncategorized"],"_links":{"self":[{"href":"https:\/\/zennihost.com\/test\/wp-json\/wp\/v2\/posts\/46193","targetHints":{"allow":["GET"]}}],"collection":[{"href":"https:\/\/zennihost.com\/test\/wp-json\/wp\/v2\/posts"}],"about":[{"href":"https:\/\/zennihost.com\/test\/wp-json\/wp\/v2\/types\/post"}],"replies":[{"embeddable":true,"href":"https:\/\/zennihost.com\/test\/wp-json\/wp\/v2\/comments?post=46193"}],"version-history":[{"count":0,"href":"https:\/\/zennihost.com\/test\/wp-json\/wp\/v2\/posts\/46193\/revisions"}],"wp:attachment":[{"href":"https:\/\/zennihost.com\/test\/wp-json\/wp\/v2\/media?parent=46193"}],"wp:term":[{"taxonomy":"category","embeddable":true,"href":"https:\/\/zennihost.com\/test\/wp-json\/wp\/v2\/categories?post=46193"},{"taxonomy":"post_tag","embeddable":true,"href":"https:\/\/zennihost.com\/test\/wp-json\/wp\/v2\/tags?post=46193"}],"curies":[{"name":"wp","href":"https:\/\/api.w.org\/{rel}","templated":true}]}}