{"id":46192,"date":"2025-10-13T17:48:17","date_gmt":"2025-10-13T17:48:17","guid":{"rendered":"https:\/\/zennihost.com\/test\/2025\/10\/13\/shefi-i-komisariatit-arben-marku-ushtron-dhune-ndaj-minatorin-ne-spac\/"},"modified":"2025-10-13T17:48:17","modified_gmt":"2025-10-13T17:48:17","slug":"shefi-i-komisariatit-arben-marku-ushtron-dhune-ndaj-minatorin-ne-spac","status":"publish","type":"post","link":"https:\/\/zennihost.com\/test\/2025\/10\/13\/shefi-i-komisariatit-arben-marku-ushtron-dhune-ndaj-minatorin-ne-spac\/","title":{"rendered":"Shefi i Komisariatit, Arben Marku ushtron dhun\u00eb ndaj minatorin n\u00eb Spa\u00e7"},"content":{"rendered":"<p>Teksa minator\u00ebt n\u00eb Spa\u00e7 t\u00eb Mirdit\u00ebs k\u00ebrkojn\u00eb t\u00eb drejtat e tyre p\u00ebr kushtet e pun\u00ebs dhe paga m\u00eb t\u00eb larta n\u00eb sektorin minerar, nuk ka munguar as sjellja brutale e Policis\u00eb q\u00eb ndiqte protest\u00ebn e tyre.<\/p>\n<p>Nga videot e siguruar nga Syri, shihet mjaft qart\u00eb Shefi i Komisaritit, Arben Marku duke k\u00ebrkuar shoq\u00ebrimin e minator\u00ebve.<\/p>\n<p>Madje n\u00eb nj\u00eb moment, Marku t\u00ebrheq zvarr\u00eb nj\u00ebrin nga minator\u00ebt protestues, gj\u00eb q\u00eb has n\u00eb\u00a0 rezistenc\u00ebn e fort\u00eb t\u00eb k\u00ebtij t\u00eb fundit.<\/p>\n<p>Rreth 70 minator\u00eb kan\u00eb ndalur pun\u00ebn dhe kan\u00eb bllokuar hyrjen kryesore t\u00eb objektit, n\u00eb shenj\u00eb proteste ndaj kushteve t\u00eb v\u00ebshtira t\u00eb pun\u00ebs me t\u00eb cilat p\u00ebrballen \u00e7do dit\u00eb.<\/p>\n<p>Ata k\u00ebrkojn\u00eb q\u00eb drejtuesit e firm\u00ebs turke t\u00eb ulen n\u00eb bisedime dhe t\u00eb plot\u00ebsojn\u00eb k\u00ebrkesat e tyre, pasi n\u00eb t\u00eb kund\u00ebrt ata nuk rifillojn\u00eb pun\u00eb.<\/p>\n<p>Sipas minator\u00ebve, protesta do t\u00eb vazhdoj\u00eb deri n\u00eb plot\u00ebsimin e k\u00ebrkesave t\u00eb tyre, t\u00eb cilat p\u00ebrfshijn\u00eb p\u00ebrmir\u00ebsimin e kushteve t\u00eb siguris\u00eb n\u00eb minier\u00eb dhe rritjen e pagave mujore.<\/p>\n<div class=\"jeg_video_container jeg_video_content\"><\/div>\n<p>The post <a href=\"https:\/\/gijotina.com\/shefi-i-komisariatit-arben-marku-ushtron-dhune-ndaj-minatorin-ne-spac\/\">Shefi i Komisariatit, Arben Marku ushtron dhun\u00eb ndaj minatorin n\u00eb Spa\u00e7<\/a> appeared first on <a href=\"https:\/\/gijotina.com\/\">GIJOTINA<\/a>.<\/p>","protected":false},"excerpt":{"rendered":"<p>Teksa minator\u00ebt n\u00eb Spa\u00e7 t\u00eb Mirdit\u00ebs k\u00ebrkojn\u00eb t\u00eb drejtat e tyre p\u00ebr kushtet e pun\u00ebs dhe paga m\u00eb t\u00eb larta n\u00eb sektorin minerar, nuk ka munguar as sjellja brutale e Policis\u00eb q\u00eb ndiqte protest\u00ebn e tyre. Nga videot e siguruar nga Syri, shihet mjaft qart\u00eb Shefi i Komisaritit, Arben Marku duke k\u00ebrkuar shoq\u00ebrimin e minator\u00ebve. [&hellip;]<\/p>\n","protected":false},"author":0,"featured_media":0,"comment_status":"open","ping_status":"open","sticky":false,"template":"","format":"standard","meta":{"footnotes":""},"categories":[1],"tags":[],"class_list":["post-46192","post","type-post","status-publish","format-standard","hentry","category-uncategorized"],"_links":{"self":[{"href":"https:\/\/zennihost.com\/test\/wp-json\/wp\/v2\/posts\/46192","targetHints":{"allow":["GET"]}}],"collection":[{"href":"https:\/\/zennihost.com\/test\/wp-json\/wp\/v2\/posts"}],"about":[{"href":"https:\/\/zennihost.com\/test\/wp-json\/wp\/v2\/types\/post"}],"replies":[{"embeddable":true,"href":"https:\/\/zennihost.com\/test\/wp-json\/wp\/v2\/comments?post=46192"}],"version-history":[{"count":0,"href":"https:\/\/zennihost.com\/test\/wp-json\/wp\/v2\/posts\/46192\/revisions"}],"wp:attachment":[{"href":"https:\/\/zennihost.com\/test\/wp-json\/wp\/v2\/media?parent=46192"}],"wp:term":[{"taxonomy":"category","embeddable":true,"href":"https:\/\/zennihost.com\/test\/wp-json\/wp\/v2\/categories?post=46192"},{"taxonomy":"post_tag","embeddable":true,"href":"https:\/\/zennihost.com\/test\/wp-json\/wp\/v2\/tags?post=46192"}],"curies":[{"name":"wp","href":"https:\/\/api.w.org\/{rel}","templated":true}]}}