{"id":46187,"date":"2025-10-13T15:56:21","date_gmt":"2025-10-13T15:56:21","guid":{"rendered":"https:\/\/zennihost.com\/test\/2025\/10\/13\/osbe-kritikon-perdorimin-e-tepruar-te-paraburgimit-ne-shqiperi\/"},"modified":"2025-10-13T15:56:21","modified_gmt":"2025-10-13T15:56:21","slug":"osbe-kritikon-perdorimin-e-tepruar-te-paraburgimit-ne-shqiperi","status":"publish","type":"post","link":"https:\/\/zennihost.com\/test\/2025\/10\/13\/osbe-kritikon-perdorimin-e-tepruar-te-paraburgimit-ne-shqiperi\/","title":{"rendered":"OSBE kritikon p\u00ebrdorimin e tepruar t\u00eb paraburgimit n\u00eb Shqip\u00ebri"},"content":{"rendered":"<p>Kreu i Prezenc\u00ebs s\u00eb OSBE-s\u00eb n\u00eb Shqip\u00ebri, Michel Tarran, ngriti shqet\u00ebsimin p\u00ebr p\u00ebrdorimin e tepruar t\u00eb paraburgimit gjat\u00eb nj\u00eb takimi me ministrin e Drejt\u00ebsis\u00eb, Besfort Lamallari. Ai k\u00ebrkoi nj\u00eb qasje gjith\u00ebp\u00ebrfshir\u00ebse p\u00ebr trajtimin e k\u00ebtij problemi dhe kujtoi angazhimin e gjat\u00eb t\u00eb OSBE-s\u00eb n\u00eb reform\u00ebn penitenciare.<\/p>\n<p>N\u00eb takim u diskutua edhe p\u00ebr vijimin e reform\u00ebs n\u00eb drejt\u00ebsi, strategjin\u00eb 2024\u20132030 dhe mb\u00ebshtetjen p\u00ebr institucionet e sistemit gjyq\u00ebsor.<span class=\"Apple-converted-space\"> \u00a0<\/span><\/p>\n<p>The post <a href=\"https:\/\/lapsi.al\/2025\/10\/13\/osbe-kritikon-perdorimin-e-tepruar-te-paraburgimit-ne-shqiperi\/\">OSBE kritikon p\u00ebrdorimin e tepruar t\u00eb paraburgimit n\u00eb Shqip\u00ebri<\/a> appeared first on <a href=\"https:\/\/lapsi.al\/\">Lapsi.al<\/a>.<\/p>","protected":false},"excerpt":{"rendered":"<p>Kreu i Prezenc\u00ebs s\u00eb OSBE-s\u00eb n\u00eb Shqip\u00ebri, Michel Tarran, ngriti shqet\u00ebsimin p\u00ebr p\u00ebrdorimin e tepruar t\u00eb paraburgimit gjat\u00eb nj\u00eb takimi me ministrin e Drejt\u00ebsis\u00eb, Besfort Lamallari. Ai k\u00ebrkoi nj\u00eb qasje gjith\u00ebp\u00ebrfshir\u00ebse p\u00ebr trajtimin e k\u00ebtij problemi dhe kujtoi angazhimin e gjat\u00eb t\u00eb OSBE-s\u00eb n\u00eb reform\u00ebn penitenciare. N\u00eb takim u diskutua edhe p\u00ebr vijimin e reform\u00ebs [&hellip;]<\/p>\n","protected":false},"author":0,"featured_media":0,"comment_status":"open","ping_status":"open","sticky":false,"template":"","format":"standard","meta":{"footnotes":""},"categories":[1],"tags":[],"class_list":["post-46187","post","type-post","status-publish","format-standard","hentry","category-uncategorized"],"_links":{"self":[{"href":"https:\/\/zennihost.com\/test\/wp-json\/wp\/v2\/posts\/46187","targetHints":{"allow":["GET"]}}],"collection":[{"href":"https:\/\/zennihost.com\/test\/wp-json\/wp\/v2\/posts"}],"about":[{"href":"https:\/\/zennihost.com\/test\/wp-json\/wp\/v2\/types\/post"}],"replies":[{"embeddable":true,"href":"https:\/\/zennihost.com\/test\/wp-json\/wp\/v2\/comments?post=46187"}],"version-history":[{"count":0,"href":"https:\/\/zennihost.com\/test\/wp-json\/wp\/v2\/posts\/46187\/revisions"}],"wp:attachment":[{"href":"https:\/\/zennihost.com\/test\/wp-json\/wp\/v2\/media?parent=46187"}],"wp:term":[{"taxonomy":"category","embeddable":true,"href":"https:\/\/zennihost.com\/test\/wp-json\/wp\/v2\/categories?post=46187"},{"taxonomy":"post_tag","embeddable":true,"href":"https:\/\/zennihost.com\/test\/wp-json\/wp\/v2\/tags?post=46187"}],"curies":[{"name":"wp","href":"https:\/\/api.w.org\/{rel}","templated":true}]}}