{"id":46186,"date":"2025-10-13T15:58:55","date_gmt":"2025-10-13T15:58:55","guid":{"rendered":"https:\/\/zennihost.com\/test\/2025\/10\/13\/lokalet-dhe-qeveria-albin-kurti-ka-perpara-dite-te-veshtira\/"},"modified":"2025-10-13T15:58:55","modified_gmt":"2025-10-13T15:58:55","slug":"lokalet-dhe-qeveria-albin-kurti-ka-perpara-dite-te-veshtira","status":"publish","type":"post","link":"https:\/\/zennihost.com\/test\/2025\/10\/13\/lokalet-dhe-qeveria-albin-kurti-ka-perpara-dite-te-veshtira\/","title":{"rendered":"Lokalet dhe qeveria\/ Albin Kurti ka p\u00ebrpara dit\u00eb t\u00eb v\u00ebshtira"},"content":{"rendered":"<p><span>Nj\u00eb dit\u00eb pas p\u00ebrfundimit t\u00eb zgjedhjeve lokale n\u00eb Kosov\u00eb dhe pak koh\u00eb pasi ka marr\u00eb mandatimin p\u00ebr krijimin e nj\u00eb qveverie t\u00eb re, kryeministri Albin Kurti gjendet ndoshta para dit\u00ebve m\u00eb t\u00eb v\u00ebshtira n\u00eb karier\u00ebn e vet politike. Partia e tij Vet\u00ebvendosja arriti t\u00eb ruaj m\u00eb v\u00ebshtir\u00ebsi vet\u00ebm kat\u00ebr komunat q\u00eb drejtonte deri n\u00eb mandatin e kaluar, ajo p\u00ebr her\u00eb t\u00eb para pas kaq koh\u00ebsh nuk \u00ebsht\u00eb m\u00eb forca e par\u00eb n\u00eb Prishtin\u00eb dhe ndon\u00ebse do t\u00eb marr\u00eb pjes\u00eb n\u00eb plot 12 baloztazhe, m\u00eb shum\u00eb se \u00e7do parti tjet\u00ebr, rrezikon trorikisht ti humbas\u00eb ato n\u00eb raundin e dyt\u00eb n\u00eb 9 n\u00ebntor, si pasoj\u00eb e marr\u00ebveshjeve t\u00eb partive opozitare kund\u00ebr forc\u00ebs q\u00eb qeveris prej kat\u00ebr vitesh e shtat\u00eb muaj vendin.<\/span><\/p>\n<p><span><a class=\"linkbrenda\" href=\"https:\/\/lapsi.al\/2025\/10\/13\/rezultate-te-ngushta-ne-kosove-ndahen-ne-balotazh-prishtina-peja-dhe-mitrovica\/\">Rezultate t\u00eb ngushta n\u00eb Kosov\u00eb\/ Ndahen n\u00eb balotazh Prishtina, Peja dhe Mitrovica<\/a><\/span><\/p>\n<p><span>Pik\u00ebrisht ky koalicion \u201ct\u00eb gjith\u00eb kund\u00ebr Kurtit\u201d mund ta penalizoj\u00eb k\u00ebt\u00eb t\u00eb fundit q\u00eb t\u00eb mos formoj\u00eb dot nj\u00eb qeveri t\u00eb re. Pas nj\u00eb krize q\u00eb zgjat prej zgjedhjeve t\u00eb p\u00ebrgjithshme t\u00eb 9 shkurtit, Kosova \u00ebsht\u00eb zvarritur me nj\u00eb qeveri n\u00eb detyr\u00eb, p\u00ebr shkak se nuk konstituonte dot parlamentin e saj. Me zgjedhjen e fundit edhe t\u00eb nj\u00eb n\u00ebnkryetari serb, Nenad Rashi\u00e7, ky proces u quajt i p\u00ebrfunduar dhe presidentja Osmani, n\u00eb 10 tetor e mandatoi Albin Kurtin p\u00ebr krijimin e nj\u00eb qeverie t\u00eb re. Pra brenda pak dit\u00ebsh ai ka p\u00ebrball\u00eb dy sfida t\u00eb m\u00ebdha: edhe arritjen e nj\u00eb rezultati v\u00ebshtir\u00ebsisht pozitiv n\u00eb turin e dyt\u00eb t\u00eb zgjedhjeve lokale, edhe at\u00eb t\u00eb vijimit t\u00eb q\u00ebndrimit n\u00eb pushtet, kur Vet\u00ebvendosja doli v\u00ebrtet partia e p\u00ebr\u00eb n\u00eb zgjedhjet e fundit, por ajo nuk arriti m\u00eb shum\u00eb sesa nj\u00eb shumic\u00eb relative. Albin Kurti ka m\u00eb pak se dy jav\u00eb koh\u00eb p\u00ebr t\u00eb arritur t\u00eb krijoj\u00eb nj\u00eb kabinet t\u00eb ri. \u201cKosov\u00ebs i duhet edhe nj\u00eb mandat i ri i Qeveris\u00eb son\u00eb. Neve na duhet nj\u00eb mandat i ri n\u00eb p\u00ebrputhje me rezultatin e 9 shkurtit sivjet\u201d deklaroi ati k\u00ebt\u00eb t\u00eb h\u00ebn\u00eb duke th\u00ebn\u00eb se data finale p\u00ebr ta arritur k\u00ebt\u00eb q\u00ebllim \u00ebsht\u00eb 26 tetori. \u201cN\u00eb momentin q\u00eb vler\u00ebsojm\u00eb se komunikimet kan\u00eb rezultuar t\u00eb suksesshme, ne nuk e presim 26 tetorin, por ai \u00ebsht\u00eb afati i fundit\u201d, sakt\u00ebsoi Kurti. <\/span><\/p>\n<p><span>Por q\u00eb ai t\u00eb ket\u00eb sukses\u00eb duhet t\u00eb siguroj\u00eb s\u00eb paku vot\u00ebn e 61 deputet\u00ebve nga 120 q\u00eb ka kuvendi i Kosov\u00ebs. N\u00ebnkryetarja e Vet\u00ebvendosjes, Albulena Haxhiu ka deklaruar se koalicionet me list\u00ebn serbe (9 deputet\u00eb) dhe PDK-n\u00eb, partin\u00eb e ish presidentit Hashim Tha\u00e7i, jan\u00eb t\u00eb pamundura. K\u00ebshtu Vet\u00ebvendosjes i duhet ose nj\u00eb koalicion i madh me LDK-n\u00eb (20 deputet\u00eb), e cila tani p\u00ebr tani nuk ka treguar se \u00ebsht\u00eb e gatshme p\u00ebr bashk\u00ebqeverisje, ose me Nism\u00ebn Social Demokrate t\u00eb Fatmir Limajt (vet\u00ebm 3 deputet\u00eb). <\/span><\/p>\n<p><span>Por n\u00eb k\u00ebt\u00eb rastin e dyt\u00eb Vet\u00ebvendosja q\u00eb ka gjithsej 48 deputet\u00eb, do t\u00eb duhet t\u00eb merrte t\u00eb plota edhe votat e t\u00eb zgjedhurve nga minoritetet jo serbe (10 deputet\u00eb) nga t\u00eb cilat ka t\u00eb sigurta vet\u00ebm 7-8.\u00a0<\/span><\/p>\n<p><span>K\u00ebto llogari tregojn\u00eb se nd\u00ebrtimi i nj\u00eb qeveri Kurti 3 ngjan pothuajse i pamundur. P\u00ebr k\u00ebt\u00eb kan\u00eb mbetur edhe 13 dit\u00eb deri n\u00eb 26 tetor. N\u00ebse Albin Kurti d\u00ebshton n\u00eb b\u00ebrjen e 61 votave, presidentja Osmani \u00ebsht\u00eb e obliguar q\u00eb brenda 10 dit\u00ebve t\u2019i ftoj\u00eb n\u00eb konsultim edhe nj\u00eb her\u00eb partit\u00eb politike, edhe t\u00eb vendos\u00eb, sipas diskrecionit t\u00eb saj, p\u00ebr nj\u00eb mandatar t\u00eb ri, normalisht nga opozita. <\/span><\/p>\n<p><span>N\u00ebse edhe opozita, q\u00eb duhet t\u00eb ftoj\u00eb n\u00eb koalicion List\u00ebn serbe p\u00ebr t\u00eb pasur dukses, d\u00ebshton gjat\u00eb 15 dit\u00ebve p\u00ebr t\u00eb formuar qeverin\u00eb, vendi mund t\u00eb shkoj\u00eb drejt zgjedhjeve t\u00eb reja. Pas maksimumi 40 dit\u00ebsh, presidentja duhet t\u00eb shpall\u00eb dekretin p\u00ebr zgjedhjet e reja, q\u00eb duhet t\u00eb mbahen dyzet dit\u00eb prej shpalljes s\u00eb vendimit. Nisur nga kjo v\u00ebshtir\u00ebsi Albin Kurti deklaroi k\u00ebt\u00eb t\u00eb h\u00ebn\u00eb: \u201cN\u00ebse nuk ka Qeveri t\u00eb re Kurti 3, pa asnj\u00eb dyshim q\u00eb jemi t\u00eb gatsh\u00ebm p\u00ebr zgjedhje t\u00eb reja parlamentare\u201d. <\/span><\/p>\n<p><span>Mund\u00ebsin\u00eb p\u00ebr zgjedhje t\u00eb parakohshme nuk e ka p\u00ebrjashtuar as kreu i partis\u00eb m\u00eb t\u00eb madhe opozitare, PDK, Memli Krasniqi. \u201cN\u00eb n\u00ebtor qytetar\u00ebt do t\u00eb votojn\u00eb p\u00ebr balotazhet nd\u00ebrsa n\u00eb dhjetor p\u00ebr zgjedhjet e parakoh\u00ebshme\u201d tha ai t\u00eb diel\u00ebn pasi kishte votuar. <\/span><\/p>\n<p><span>N\u00eb nj\u00eb skenar t\u00eb till\u00eb nuk \u00ebsht\u00eb \u00e7udi q\u00eb Albin Kurti t\u00eb jet\u00eb edhe nj\u00eb vit pas zgjedhjeve t\u00eb 9 shkurtit ende kryeminist\u00ebr n\u00eb detyr\u00eb, por ndoshta m\u00eb i dob\u00ebt sesa kurr\u00eb, pasi do t\u00eb ket\u00eb nga pas nj\u00eb rezultat jo t\u00eb mir\u00eb n\u00eb zgjedhjet lokale dhe pamund\u00ebsin\u00eb p\u00ebr t\u00eb ngritur kabinetin Kurti 3, pa p\u00ebrmendur k\u00ebtu faktin se Lista serbe q\u00eb i kishte bojkotuar do t\u00eb kthehet n\u00eb krye t\u00eb pun\u00ebve n\u00eb komunat e veriut t\u00eb Kosov\u00ebs.<\/span><\/p>\n<p><span><strong>\u00a9Lapsi.al\u00a0<\/strong><\/span><\/p>\n<p>\u00a0<\/p>\n<p>\u00a0<\/p>\n<p>The post <a href=\"https:\/\/lapsi.al\/2025\/10\/13\/lokalet-dhe-qeveria-albin-kurti-ka-perpara-dite-te-veshtira\/\">Lokalet dhe qeveria\/ Albin Kurti ka p\u00ebrpara dit\u00eb t\u00eb v\u00ebshtira<\/a> appeared first on <a href=\"https:\/\/lapsi.al\/\">Lapsi.al<\/a>.<\/p>","protected":false},"excerpt":{"rendered":"<p>Nj\u00eb dit\u00eb pas p\u00ebrfundimit t\u00eb zgjedhjeve lokale n\u00eb Kosov\u00eb dhe pak koh\u00eb pasi ka marr\u00eb mandatimin p\u00ebr krijimin e nj\u00eb qveverie t\u00eb re, kryeministri Albin Kurti gjendet ndoshta para dit\u00ebve m\u00eb t\u00eb v\u00ebshtira n\u00eb karier\u00ebn e vet politike. Partia e tij Vet\u00ebvendosja arriti t\u00eb ruaj m\u00eb v\u00ebshtir\u00ebsi vet\u00ebm kat\u00ebr komunat q\u00eb drejtonte deri n\u00eb mandatin [&hellip;]<\/p>\n","protected":false},"author":0,"featured_media":0,"comment_status":"open","ping_status":"open","sticky":false,"template":"","format":"standard","meta":{"footnotes":""},"categories":[1],"tags":[],"class_list":["post-46186","post","type-post","status-publish","format-standard","hentry","category-uncategorized"],"_links":{"self":[{"href":"https:\/\/zennihost.com\/test\/wp-json\/wp\/v2\/posts\/46186","targetHints":{"allow":["GET"]}}],"collection":[{"href":"https:\/\/zennihost.com\/test\/wp-json\/wp\/v2\/posts"}],"about":[{"href":"https:\/\/zennihost.com\/test\/wp-json\/wp\/v2\/types\/post"}],"replies":[{"embeddable":true,"href":"https:\/\/zennihost.com\/test\/wp-json\/wp\/v2\/comments?post=46186"}],"version-history":[{"count":0,"href":"https:\/\/zennihost.com\/test\/wp-json\/wp\/v2\/posts\/46186\/revisions"}],"wp:attachment":[{"href":"https:\/\/zennihost.com\/test\/wp-json\/wp\/v2\/media?parent=46186"}],"wp:term":[{"taxonomy":"category","embeddable":true,"href":"https:\/\/zennihost.com\/test\/wp-json\/wp\/v2\/categories?post=46186"},{"taxonomy":"post_tag","embeddable":true,"href":"https:\/\/zennihost.com\/test\/wp-json\/wp\/v2\/tags?post=46186"}],"curies":[{"name":"wp","href":"https:\/\/api.w.org\/{rel}","templated":true}]}}