{"id":46178,"date":"2025-10-13T16:48:24","date_gmt":"2025-10-13T16:48:24","guid":{"rendered":"https:\/\/zennihost.com\/test\/2025\/10\/13\/silvinho-nuk-besoj-ne-miqesore-luajme-per-fitore-nentori-eshte-vendimtar-per-play-off-in\/"},"modified":"2025-10-13T16:48:24","modified_gmt":"2025-10-13T16:48:24","slug":"silvinho-nuk-besoj-ne-miqesore-luajme-per-fitore-nentori-eshte-vendimtar-per-play-off-in","status":"publish","type":"post","link":"https:\/\/zennihost.com\/test\/2025\/10\/13\/silvinho-nuk-besoj-ne-miqesore-luajme-per-fitore-nentori-eshte-vendimtar-per-play-off-in\/","title":{"rendered":"\u201cSilvinho: \u2018Nuk besoj n\u00eb miq\u00ebsore, luajm\u00eb p\u00ebr fitore! N\u00ebntori \u00ebsht\u00eb vendimtar p\u00ebr Play-Off-in\u2019\u201d"},"content":{"rendered":"<p>Shqip\u00ebria do p\u00ebrballet me Jordanin\u00eb n\u00eb miq\u00ebsore t\u00eb mart\u00ebn n\u00eb \u201cAir Albania\u201d, n\u00eb ndeshjen q\u00eb fillon n\u00eb or\u00ebn 19.00.<\/p>\n<p>Para k\u00ebsaj sfide, n\u00eb konferenc\u00eb doli trajneri i Komb\u00ebtares, Sylvinho.<\/p>\n<p><em>\u201cNuk besoj n\u00eb miq\u00ebsore, sepse ti futesh n\u00eb \u00e7do ndeshje p\u00ebr t\u00eb fituar. \u00cbsht\u00eb pak m\u00eb e v\u00ebshtir\u00eb p\u00ebr t\u2019i vler\u00ebsuar lojtar\u00ebt se si jan\u00eb prezantuar n\u00eb ndeshje. N\u00eb m\u00ebngjes besoj se do t\u00eb kemi 11-shen. Do t\u00eb shohim si kombinohen me nj\u00ebri-tjetrin. Kemi lojtar\u00eb q\u00eb kan\u00eb 6 muaj me ne, por kan\u00eb b\u00ebr\u00eb vet\u00ebm nj\u00eb ndeshje. Do t\u00eb ket\u00eb hap\u00ebsir\u00eb p\u00ebr t\u00eb gjith\u00eb. Cake dhe Gripshi m\u00eb kan\u00eb p\u00eblqyer n\u00eb st\u00ebrvitje, por do t\u00eb shohim p\u00ebr 11-shen q\u00eb do t\u00eb hedhim n\u00eb fush\u00eb.<\/em><\/p>\n<p><em>\u201cN\u00eb fakt un\u00eb nuk besoj n\u00eb miq\u00ebsore, un\u00eb besoj se ne \u00e7do ndeshje duhet t\u00eb futemi per fitore. Jemi duke punuar shum\u00eb dhe q\u00eb nes\u00ebr n\u00eb m\u00ebngjes do kemi lojtar\u00ebt q\u00eb do luajn\u00eb.<\/em><\/p>\n<p><em>Theksoj q\u00eb kemi lojtar\u00eb q\u00eb kan\u00eb gjasht\u00eb muaj ose 1 vit me ne, por q\u00eb nuk kan\u00eb luajtur, Cake dhe Gripshi m\u00eb p\u00eblqejn\u00eb shum\u00eb.<\/em><\/p>\n<p><em>\u201cJam pak i lodhur. E kemi th\u00ebn\u00eb edhe m\u00eb p\u00ebrpara nuk ishte nj\u00eb ndeshje normale. Llogarit\u00eb q\u00eb duhet t\u00eb b\u00ebjm\u00eb jan\u00eb ndeshjet n\u00eb n\u00ebntor, \u00ebsht\u00eb hera e par\u00eb n\u00eb histori q\u00eb komb\u00ebtarja luan \u00e7do gj\u00eb p\u00ebr kualifikimin dhe p\u00ebr her\u00eb t\u00eb par\u00eb mund t\u00eb shkoj\u00eb n\u00eb Play Off.<\/em><\/p>\n<p><em>\u201cSa i p\u00ebrket mesazhit p\u00ebr tifoz\u00ebt, dua t\u00eb jap nj\u00eb mesazh p\u00ebr lojtar\u00ebt, secili mund t\u00eb jet\u00eb n\u00eb fush\u00eb, secili mund t\u00eb jet\u00eb n\u00eb stol. Mendoj p\u00ebr hapin tjet\u00ebr, q\u00eb \u00ebsht\u00eb i r\u00ebnd\u00ebsish\u00ebm, vjen n\u00eb n\u00ebntor. Tifoz\u00ebt t\u00eb mb\u00ebshtesin komb\u00ebtaren, pasi kam nj\u00eb skuad\u00ebr q\u00eb lufton me gjak. Asnj\u00ebher\u00eb nuk i ka munguar gjaku k\u00ebsaj skuadre, k\u00ebrkojm\u00eb mb\u00ebshtetjen.<\/em><\/p>\n<p><strong>Urimi m\u00eb i bukur?<\/strong><em>\u00a0Shum\u00eb komplimente dhe urime. T\u00eb gjitha t\u00eb r\u00ebnd\u00ebsishme. Por 10 dit\u00eb m\u00eb par\u00eb kam pasur bised\u00eb telefonike me video, ishin bashk\u00eb edhe stafi af\u00ebr me Roberto Man\u00e7inin. Pas ndeshjes me Serbin\u00eb m\u00eb ka shkruar bravo Silvio ke b\u00ebr\u00eb shum\u00eb mir\u00eb, por sigurisht t\u00eb gjitha mesazhet jan\u00eb t\u00eb r\u00ebnd\u00ebsishme.<\/em><\/p>\n<p><strong>Play-off?<\/strong>\u00a0<em>Duhet t\u00eb jem i sinqert\u00eb, nuk kam par\u00eb asnj\u00eb kund\u00ebrshtar \u00a0q\u00eb na shfaqet p\u00ebrpara p\u00ebr play-off. E njoh veten shum\u00eb mir\u00eb, koka \u00ebsht\u00eb kthyer te kjo gj\u00eb e r\u00ebnd\u00ebsishme n\u00eb n\u00ebntor. Kemi ndeshje n\u00eb n\u00ebntor, i kam th\u00ebn\u00eb djemve q\u00eb nga e nes\u00ebrmja nuk e shoh si miq\u00ebsore, por si mund\u00ebsi. Ekipi Komb\u00ebtar \u00ebsht\u00eb k\u00ebtu dhe koka \u00ebsht\u00eb te hapi i radh\u00ebs n\u00eb kualifikueset e n\u00ebntorit. Jo, nuk kam par\u00eb asgj\u00eb p\u00ebr m\u00eb para.<\/em><\/p>\n<p><strong>K\u00ebrkohej largimi dhe tani jo?\u00a0<\/strong><em>Un\u00eb kam pasur nj\u00eb jet\u00eb futbollisti 15-vje\u00e7are. Si trajner p\u00ebr 5-6 vite. Ne jemi p\u00ebrgatitur, un\u00eb e thash\u00eb shembullin e Rei Manajt, e njoh q\u00eb nga 2014. E kam njohur te Interi, \u00ebsht\u00eb golash\u00ebnuesi m\u00eb i mir\u00eb i Komb\u00ebtares ton\u00eb tani, i cili ka respektin e t\u00eb gjith\u00ebve dhe nj\u00eb dit\u00eb nuk sh\u00ebnon.<\/em><\/p>\n<p><em>Pra nuk sh\u00ebrben. Sh\u00ebnon, pra sh\u00ebrben. Por ne jemi m\u00ebsuar me k\u00ebt\u00eb vler\u00ebsim, \u00ebsht\u00eb jeta, nuk ndryshon. Jam m\u00ebsuar, si lojtar vlen apo nuk vlen, edhe si trajner vlen dhe nuk vlen. Un\u00eb e kam th\u00ebn\u00eb q\u00eb mendoj vet\u00eb p\u00ebr t\u00eb ardhmen. Nuk kam asnj\u00eb problem. Nuk flitet p\u00ebr k\u00ebto gj\u00ebra, kemi shum\u00eb gj\u00ebra t\u00eb r\u00ebnd\u00ebsishme, duhet t\u00eb jemi inteligjent\u00eb. Flasim p\u00ebr ndeshjen ndaj Letonis\u00eb q\u00eb ishte shum\u00eb e r\u00ebnd\u00ebsishme, pastaj Serbia, pastaj kemi t\u00eb r\u00ebnd\u00ebsishme n\u00eb n\u00ebntor. Nuk flasim p\u00ebr k\u00ebt\u00eb, nuk ka asnj\u00eb problem\u201d, tha Silvinjo<\/em>\u201d- tha ai.<\/p>\n<p>The post <a href=\"https:\/\/gijotina.com\/silvinho-nuk-besoj-ne-miqesore-luajme-per-fitore-nentori-eshte-vendimtar-per-play-off-in\/\">\u201cSilvinho: \u2018Nuk besoj n\u00eb miq\u00ebsore, luajm\u00eb p\u00ebr fitore! N\u00ebntori \u00ebsht\u00eb vendimtar p\u00ebr Play-Off-in\u2019\u201d<\/a> appeared first on <a href=\"https:\/\/gijotina.com\/\">GIJOTINA<\/a>.<\/p>","protected":false},"excerpt":{"rendered":"<p>Shqip\u00ebria do p\u00ebrballet me Jordanin\u00eb n\u00eb miq\u00ebsore t\u00eb mart\u00ebn n\u00eb \u201cAir Albania\u201d, n\u00eb ndeshjen q\u00eb fillon n\u00eb or\u00ebn 19.00. Para k\u00ebsaj sfide, n\u00eb konferenc\u00eb doli trajneri i Komb\u00ebtares, Sylvinho. \u201cNuk besoj n\u00eb miq\u00ebsore, sepse ti futesh n\u00eb \u00e7do ndeshje p\u00ebr t\u00eb fituar. \u00cbsht\u00eb pak m\u00eb e v\u00ebshtir\u00eb p\u00ebr t\u2019i vler\u00ebsuar lojtar\u00ebt se si jan\u00eb prezantuar [&hellip;]<\/p>\n","protected":false},"author":0,"featured_media":0,"comment_status":"open","ping_status":"open","sticky":false,"template":"","format":"standard","meta":{"footnotes":""},"categories":[1],"tags":[],"class_list":["post-46178","post","type-post","status-publish","format-standard","hentry","category-uncategorized"],"_links":{"self":[{"href":"https:\/\/zennihost.com\/test\/wp-json\/wp\/v2\/posts\/46178","targetHints":{"allow":["GET"]}}],"collection":[{"href":"https:\/\/zennihost.com\/test\/wp-json\/wp\/v2\/posts"}],"about":[{"href":"https:\/\/zennihost.com\/test\/wp-json\/wp\/v2\/types\/post"}],"replies":[{"embeddable":true,"href":"https:\/\/zennihost.com\/test\/wp-json\/wp\/v2\/comments?post=46178"}],"version-history":[{"count":0,"href":"https:\/\/zennihost.com\/test\/wp-json\/wp\/v2\/posts\/46178\/revisions"}],"wp:attachment":[{"href":"https:\/\/zennihost.com\/test\/wp-json\/wp\/v2\/media?parent=46178"}],"wp:term":[{"taxonomy":"category","embeddable":true,"href":"https:\/\/zennihost.com\/test\/wp-json\/wp\/v2\/categories?post=46178"},{"taxonomy":"post_tag","embeddable":true,"href":"https:\/\/zennihost.com\/test\/wp-json\/wp\/v2\/tags?post=46178"}],"curies":[{"name":"wp","href":"https:\/\/api.w.org\/{rel}","templated":true}]}}