{"id":46177,"date":"2025-10-13T16:48:24","date_gmt":"2025-10-13T16:48:24","guid":{"rendered":"https:\/\/zennihost.com\/test\/2025\/10\/13\/bllokohet-autostrada-trafik-kilometrik-ne-aksin-vore-maminas\/"},"modified":"2025-10-13T16:48:24","modified_gmt":"2025-10-13T16:48:24","slug":"bllokohet-autostrada-trafik-kilometrik-ne-aksin-vore-maminas","status":"publish","type":"post","link":"https:\/\/zennihost.com\/test\/2025\/10\/13\/bllokohet-autostrada-trafik-kilometrik-ne-aksin-vore-maminas\/","title":{"rendered":"Bllokohet autostrada, trafik kilometrik n\u00eb aksin Vor\u00eb\u2013Maminas"},"content":{"rendered":"<p>Nj\u00eb situat\u00eb e r\u00ebnduar trafiku \u00ebsht\u00eb regjistruar gjat\u00eb dit\u00ebs s\u00eb sotme n\u00eb aksin dyt\u00ebsor Vor\u00eb\u2013Maminas, si pasoj\u00eb e bllokimit t\u00eb nj\u00eb segmenti t\u00eb autostrad\u00ebs q\u00eb lidh k\u00ebto dy zona.<\/p>\n<p>Raportohet se trafiku \u00ebsht\u00eb p\u00ebrqendruar kryesisht n\u00eb rrug\u00ebn dyt\u00ebsore, ku \u00ebsht\u00eb krijuar nj\u00eb varg i pand\u00ebrprer\u00eb automjetesh q\u00eb nis nga kryq\u00ebzimi i Budull\u00ebs (pran\u00eb Fush\u00eb-Kruj\u00ebs) e deri n\u00eb zon\u00ebn e Maminasit.<\/p>\n<p>Kolona e automjeteve vler\u00ebsohet t\u00eb jet\u00eb mbi 15 kilometra e gjat\u00eb.<\/p>\n<p><strong>gijotina.com\/<\/strong><\/p>\n<p>The post <a href=\"https:\/\/gijotina.com\/bllokohet-autostrada-trafik-kilometrik-ne-aksin-vore-maminas\/\">Bllokohet autostrada, trafik kilometrik n\u00eb aksin Vor\u00eb\u2013Maminas<\/a> appeared first on <a href=\"https:\/\/gijotina.com\/\">GIJOTINA<\/a>.<\/p>","protected":false},"excerpt":{"rendered":"<p>Nj\u00eb situat\u00eb e r\u00ebnduar trafiku \u00ebsht\u00eb regjistruar gjat\u00eb dit\u00ebs s\u00eb sotme n\u00eb aksin dyt\u00ebsor Vor\u00eb\u2013Maminas, si pasoj\u00eb e bllokimit t\u00eb nj\u00eb segmenti t\u00eb autostrad\u00ebs q\u00eb lidh k\u00ebto dy zona. Raportohet se trafiku \u00ebsht\u00eb p\u00ebrqendruar kryesisht n\u00eb rrug\u00ebn dyt\u00ebsore, ku \u00ebsht\u00eb krijuar nj\u00eb varg i pand\u00ebrprer\u00eb automjetesh q\u00eb nis nga kryq\u00ebzimi i Budull\u00ebs (pran\u00eb Fush\u00eb-Kruj\u00ebs) e [&hellip;]<\/p>\n","protected":false},"author":0,"featured_media":0,"comment_status":"open","ping_status":"open","sticky":false,"template":"","format":"standard","meta":{"footnotes":""},"categories":[1],"tags":[],"class_list":["post-46177","post","type-post","status-publish","format-standard","hentry","category-uncategorized"],"_links":{"self":[{"href":"https:\/\/zennihost.com\/test\/wp-json\/wp\/v2\/posts\/46177","targetHints":{"allow":["GET"]}}],"collection":[{"href":"https:\/\/zennihost.com\/test\/wp-json\/wp\/v2\/posts"}],"about":[{"href":"https:\/\/zennihost.com\/test\/wp-json\/wp\/v2\/types\/post"}],"replies":[{"embeddable":true,"href":"https:\/\/zennihost.com\/test\/wp-json\/wp\/v2\/comments?post=46177"}],"version-history":[{"count":0,"href":"https:\/\/zennihost.com\/test\/wp-json\/wp\/v2\/posts\/46177\/revisions"}],"wp:attachment":[{"href":"https:\/\/zennihost.com\/test\/wp-json\/wp\/v2\/media?parent=46177"}],"wp:term":[{"taxonomy":"category","embeddable":true,"href":"https:\/\/zennihost.com\/test\/wp-json\/wp\/v2\/categories?post=46177"},{"taxonomy":"post_tag","embeddable":true,"href":"https:\/\/zennihost.com\/test\/wp-json\/wp\/v2\/tags?post=46177"}],"curies":[{"name":"wp","href":"https:\/\/api.w.org\/{rel}","templated":true}]}}