{"id":46175,"date":"2025-10-13T16:48:24","date_gmt":"2025-10-13T16:48:24","guid":{"rendered":"https:\/\/zennihost.com\/test\/2025\/10\/13\/bie-sistemi-shtyhet-procesi-i-numerimit-te-votave-per-asamble-ne-prishtine\/"},"modified":"2025-10-13T16:48:24","modified_gmt":"2025-10-13T16:48:24","slug":"bie-sistemi-shtyhet-procesi-i-numerimit-te-votave-per-asamble-ne-prishtine","status":"publish","type":"post","link":"https:\/\/zennihost.com\/test\/2025\/10\/13\/bie-sistemi-shtyhet-procesi-i-numerimit-te-votave-per-asamble-ne-prishtine\/","title":{"rendered":"Bie sistemi, shtyhet procesi i num\u00ebrimit t\u00eb votave p\u00ebr asamble n\u00eb Prishtin\u00eb"},"content":{"rendered":"<p>N\u00eb sall\u00ebn \u201c1 Tetori\u201d n\u00eb Tiran\u00eb ende nuk ka nisur procesi i num\u00ebrimit t\u00eb votave p\u00ebr kandidat\u00ebt e asambles\u00eb komunale. Sipas Komisionit Qendror t\u00eb Zgjedhjeve (KQZ), vonesa \u00ebsht\u00eb shkaktuar nga r\u00ebnia e sistemit elektronik t\u00eb num\u00ebrimit.<\/p>\n<p>Num\u00ebrimi ishte planifikuar t\u00eb fillonte n\u00eb or\u00ebn 16:00, por ende nuk dihet se kur do t\u00eb zgjidhet problemi teknik dhe procesi do t\u00eb nis\u00eb. Autoritetet po punojn\u00eb p\u00ebr rikthimin e funksionimit t\u00eb sistemit dhe garantimin e vazhdim\u00ebsis\u00eb s\u00eb procesit.<\/p>\n<p>The post <a href=\"https:\/\/gijotina.com\/bie-sistemi-shtyhet-procesi-i-numerimit-te-votave-per-asamble-ne-prishtine\/\">Bie sistemi, shtyhet procesi i num\u00ebrimit t\u00eb votave p\u00ebr asamble n\u00eb Prishtin\u00eb<\/a> appeared first on <a href=\"https:\/\/gijotina.com\/\">GIJOTINA<\/a>.<\/p>","protected":false},"excerpt":{"rendered":"<p>N\u00eb sall\u00ebn \u201c1 Tetori\u201d n\u00eb Tiran\u00eb ende nuk ka nisur procesi i num\u00ebrimit t\u00eb votave p\u00ebr kandidat\u00ebt e asambles\u00eb komunale. Sipas Komisionit Qendror t\u00eb Zgjedhjeve (KQZ), vonesa \u00ebsht\u00eb shkaktuar nga r\u00ebnia e sistemit elektronik t\u00eb num\u00ebrimit. Num\u00ebrimi ishte planifikuar t\u00eb fillonte n\u00eb or\u00ebn 16:00, por ende nuk dihet se kur do t\u00eb zgjidhet problemi teknik [&hellip;]<\/p>\n","protected":false},"author":0,"featured_media":0,"comment_status":"open","ping_status":"open","sticky":false,"template":"","format":"standard","meta":{"footnotes":""},"categories":[1],"tags":[],"class_list":["post-46175","post","type-post","status-publish","format-standard","hentry","category-uncategorized"],"_links":{"self":[{"href":"https:\/\/zennihost.com\/test\/wp-json\/wp\/v2\/posts\/46175","targetHints":{"allow":["GET"]}}],"collection":[{"href":"https:\/\/zennihost.com\/test\/wp-json\/wp\/v2\/posts"}],"about":[{"href":"https:\/\/zennihost.com\/test\/wp-json\/wp\/v2\/types\/post"}],"replies":[{"embeddable":true,"href":"https:\/\/zennihost.com\/test\/wp-json\/wp\/v2\/comments?post=46175"}],"version-history":[{"count":0,"href":"https:\/\/zennihost.com\/test\/wp-json\/wp\/v2\/posts\/46175\/revisions"}],"wp:attachment":[{"href":"https:\/\/zennihost.com\/test\/wp-json\/wp\/v2\/media?parent=46175"}],"wp:term":[{"taxonomy":"category","embeddable":true,"href":"https:\/\/zennihost.com\/test\/wp-json\/wp\/v2\/categories?post=46175"},{"taxonomy":"post_tag","embeddable":true,"href":"https:\/\/zennihost.com\/test\/wp-json\/wp\/v2\/tags?post=46175"}],"curies":[{"name":"wp","href":"https:\/\/api.w.org\/{rel}","templated":true}]}}