{"id":46174,"date":"2025-10-13T16:48:24","date_gmt":"2025-10-13T16:48:24","guid":{"rendered":"https:\/\/zennihost.com\/test\/2025\/10\/13\/zgjedhjet-e-pjesshme-me-9-nentor-kqz-miraton-fondin-per-organizimin-ne-5-bashki-perfshi-tiranen\/"},"modified":"2025-10-13T16:48:24","modified_gmt":"2025-10-13T16:48:24","slug":"zgjedhjet-e-pjesshme-me-9-nentor-kqz-miraton-fondin-per-organizimin-ne-5-bashki-perfshi-tiranen","status":"publish","type":"post","link":"https:\/\/zennihost.com\/test\/2025\/10\/13\/zgjedhjet-e-pjesshme-me-9-nentor-kqz-miraton-fondin-per-organizimin-ne-5-bashki-perfshi-tiranen\/","title":{"rendered":"Zgjedhjet e pjesshme m\u00eb 9 n\u00ebntor, KQZ miraton fondin p\u00ebr organizimin n\u00eb 5 bashki, p\u00ebrfshi Tiran\u00ebn"},"content":{"rendered":"<p>Komisioni Qendror i Zgjedhjeve ka miratuar fondin prej 1.6 milion\u00eb euro p\u00ebr organizimin e zgjedhjeve t\u00eb pjesshme lokale q\u00eb do t\u00eb mbahen m\u00eb 9 n\u00ebntor n\u00eb pes\u00eb bashki t\u00eb vendit.<\/p>\n<p>Zgjedhjet do t\u00eb zhvillohen n\u00eb Vlor\u00eb, Tepelen\u00eb, Mat, C\u00ebrrik dhe Berat, pas pezullimit t\u00eb procesit n\u00eb disa bashki p\u00ebr shkak t\u00eb zhvillimeve t\u00eb fundit politike dhe institucionale.<\/p>\n<p>KQZ pritet t\u00eb publikoj\u00eb n\u00eb dit\u00ebt n\u00eb vijim edhe kalendarin zyrtar t\u00eb fushat\u00ebs dhe afatet p\u00ebr regjistrimin e kandidat\u00ebve n\u00eb secil\u00ebn bashki.<\/p>\n<p>Zgjedhjet e pjesshme t\u00eb 9 n\u00ebntorit vijn\u00eb pas dekretit t\u00eb Presidentit Bajram Begaj, i cili shpalli dat\u00ebn p\u00ebr zhvillimin e procesit n\u00eb pes\u00eb bashki, p\u00ebrfshir\u00eb Tiran\u00ebn<\/p>\n<p>N\u00eb kryeqytet, zgjedhjet u pezulluan p\u00ebrkoh\u00ebsisht p\u00ebr shkak t\u00eb situat\u00ebs ligjore q\u00eb p\u00ebrfshin ish-kryebashkiakun Erion Veliaj, i cili kund\u00ebrshton vendimin p\u00ebr shkarkimin e tij dhe e konsideron dekretin presidencial si antikushtetues.<\/p>\n<p>The post <a href=\"https:\/\/gijotina.com\/zgjedhjet-e-pjesshme-me-9-nentor-kqz-miraton-fondin-per-organizimin-ne-5-bashki-perfshi-tiranen\/\">Zgjedhjet e pjesshme m\u00eb 9 n\u00ebntor, KQZ miraton fondin p\u00ebr organizimin n\u00eb 5 bashki, p\u00ebrfshi Tiran\u00ebn<\/a> appeared first on <a href=\"https:\/\/gijotina.com\/\">GIJOTINA<\/a>.<\/p>","protected":false},"excerpt":{"rendered":"<p>Komisioni Qendror i Zgjedhjeve ka miratuar fondin prej 1.6 milion\u00eb euro p\u00ebr organizimin e zgjedhjeve t\u00eb pjesshme lokale q\u00eb do t\u00eb mbahen m\u00eb 9 n\u00ebntor n\u00eb pes\u00eb bashki t\u00eb vendit. Zgjedhjet do t\u00eb zhvillohen n\u00eb Vlor\u00eb, Tepelen\u00eb, Mat, C\u00ebrrik dhe Berat, pas pezullimit t\u00eb procesit n\u00eb disa bashki p\u00ebr shkak t\u00eb zhvillimeve t\u00eb fundit politike [&hellip;]<\/p>\n","protected":false},"author":0,"featured_media":0,"comment_status":"open","ping_status":"open","sticky":false,"template":"","format":"standard","meta":{"footnotes":""},"categories":[1],"tags":[],"class_list":["post-46174","post","type-post","status-publish","format-standard","hentry","category-uncategorized"],"_links":{"self":[{"href":"https:\/\/zennihost.com\/test\/wp-json\/wp\/v2\/posts\/46174","targetHints":{"allow":["GET"]}}],"collection":[{"href":"https:\/\/zennihost.com\/test\/wp-json\/wp\/v2\/posts"}],"about":[{"href":"https:\/\/zennihost.com\/test\/wp-json\/wp\/v2\/types\/post"}],"replies":[{"embeddable":true,"href":"https:\/\/zennihost.com\/test\/wp-json\/wp\/v2\/comments?post=46174"}],"version-history":[{"count":0,"href":"https:\/\/zennihost.com\/test\/wp-json\/wp\/v2\/posts\/46174\/revisions"}],"wp:attachment":[{"href":"https:\/\/zennihost.com\/test\/wp-json\/wp\/v2\/media?parent=46174"}],"wp:term":[{"taxonomy":"category","embeddable":true,"href":"https:\/\/zennihost.com\/test\/wp-json\/wp\/v2\/categories?post=46174"},{"taxonomy":"post_tag","embeddable":true,"href":"https:\/\/zennihost.com\/test\/wp-json\/wp\/v2\/tags?post=46174"}],"curies":[{"name":"wp","href":"https:\/\/api.w.org\/{rel}","templated":true}]}}