{"id":46172,"date":"2025-10-13T16:48:23","date_gmt":"2025-10-13T16:48:23","guid":{"rendered":"https:\/\/zennihost.com\/test\/2025\/10\/13\/sisi-per-trump-vetem-ti-mund-ta-ndalesh-luften-ne-gaza\/"},"modified":"2025-10-13T16:48:23","modified_gmt":"2025-10-13T16:48:23","slug":"sisi-per-trump-vetem-ti-mund-ta-ndalesh-luften-ne-gaza","status":"publish","type":"post","link":"https:\/\/zennihost.com\/test\/2025\/10\/13\/sisi-per-trump-vetem-ti-mund-ta-ndalesh-luften-ne-gaza\/","title":{"rendered":"Sisi p\u00ebr Trump: Vet\u00ebm ti mund ta ndal\u00ebsh luft\u00ebn n\u00eb Gaza"},"content":{"rendered":"<p>Presidenti i SHBA-s\u00eb, Donald Trump, dhe Presidenti egjiptian, Abdul Fattah al-Sisi, zhvilluan sot nj\u00eb takim zyrtar n\u00eb kuad\u00ebr t\u00eb nj\u00eb samiti nd\u00ebrkomb\u00ebtar p\u00ebr paqen, q\u00eb po mbahet n\u00eb qytetin bregdetar egjiptian, Sharm el-Sheikh.<\/p>\n<p>Q\u00ebllimi i k\u00ebtij samiti \u00ebsht\u00eb gjetja e nj\u00eb zgjidhjeje t\u00eb q\u00ebndrueshme p\u00ebr konfliktin n\u00eb Gaza, nd\u00ebrsa takimi Trump-Sisi u cil\u00ebsua si moment ky\u00e7 p\u00ebr rifillimin e p\u00ebrpjekjeve diplomatike.<\/p>\n<p>Gjat\u00eb deklarat\u00ebs p\u00ebr mediat, presidenti Trump u shpreh se \u201cfaza e dyt\u00eb e negociatave ka nisur\u201d, duke theksuar se proceset jan\u00eb t\u00eb nd\u00ebrlidhura dhe po zhvillohen paralelisht. Ai n\u00ebnvizoi gjithashtu se \u201cduhet b\u00ebr\u00eb shum\u00eb pastrim n\u00eb Gaza\u201d p\u00ebr t\u00eb ecur p\u00ebrpara drejt nj\u00eb marr\u00ebveshjeje t\u00eb q\u00ebndrueshme.<\/p>\n<p>Nga ana e tij, presidenti Sisi e quajti Sharm el-Sheikh \u201cqytetin e paqes\u201d dhe e cil\u00ebsoi marr\u00ebveshjen p\u00ebr arm\u00ebpushimin e p\u00ebrkohsh\u00ebm si \u201cnj\u00eb arritje t\u00eb madhe\u201d. Ai fal\u00ebnderoi Trump p\u00ebr rolin e tij n\u00eb negociata dhe deklaroi se \u201cvet\u00ebm ai mund ta ndal\u00eb luft\u00ebn n\u00eb Gaza\u201d.<\/p>\n<p>Sisi shtoi se Egjipti \u00ebsht\u00eb i angazhuar p\u00ebr kthimin e trupave t\u00eb pengjeve izraelite dhe ruajtjen e arm\u00ebpushimit, duke theksuar r\u00ebnd\u00ebsin\u00eb e bashk\u00ebpunimit nd\u00ebrkomb\u00ebtar n\u00eb k\u00ebt\u00eb proces.<\/p>\n<p>Samiti n\u00eb Sharm el-Sheikh po vijon me pjes\u00ebmarrjen e p\u00ebrfaq\u00ebsuesve t\u00eb vendeve ky\u00e7e t\u00eb rajonit dhe aktor\u00ebve nd\u00ebrkomb\u00ebtar\u00eb.<\/p>\n<p>The post <a href=\"https:\/\/gijotina.com\/sisi-per-trump-vetem-ti-mund-ta-ndalesh-luften-ne-gaza\/\">Sisi p\u00ebr Trump: Vet\u00ebm ti mund ta ndal\u00ebsh luft\u00ebn n\u00eb Gaza<\/a> appeared first on <a href=\"https:\/\/gijotina.com\/\">GIJOTINA<\/a>.<\/p>","protected":false},"excerpt":{"rendered":"<p>Presidenti i SHBA-s\u00eb, Donald Trump, dhe Presidenti egjiptian, Abdul Fattah al-Sisi, zhvilluan sot nj\u00eb takim zyrtar n\u00eb kuad\u00ebr t\u00eb nj\u00eb samiti nd\u00ebrkomb\u00ebtar p\u00ebr paqen, q\u00eb po mbahet n\u00eb qytetin bregdetar egjiptian, Sharm el-Sheikh. Q\u00ebllimi i k\u00ebtij samiti \u00ebsht\u00eb gjetja e nj\u00eb zgjidhjeje t\u00eb q\u00ebndrueshme p\u00ebr konfliktin n\u00eb Gaza, nd\u00ebrsa takimi Trump-Sisi u cil\u00ebsua si moment [&hellip;]<\/p>\n","protected":false},"author":0,"featured_media":0,"comment_status":"open","ping_status":"open","sticky":false,"template":"","format":"standard","meta":{"footnotes":""},"categories":[1],"tags":[],"class_list":["post-46172","post","type-post","status-publish","format-standard","hentry","category-uncategorized"],"_links":{"self":[{"href":"https:\/\/zennihost.com\/test\/wp-json\/wp\/v2\/posts\/46172","targetHints":{"allow":["GET"]}}],"collection":[{"href":"https:\/\/zennihost.com\/test\/wp-json\/wp\/v2\/posts"}],"about":[{"href":"https:\/\/zennihost.com\/test\/wp-json\/wp\/v2\/types\/post"}],"replies":[{"embeddable":true,"href":"https:\/\/zennihost.com\/test\/wp-json\/wp\/v2\/comments?post=46172"}],"version-history":[{"count":0,"href":"https:\/\/zennihost.com\/test\/wp-json\/wp\/v2\/posts\/46172\/revisions"}],"wp:attachment":[{"href":"https:\/\/zennihost.com\/test\/wp-json\/wp\/v2\/media?parent=46172"}],"wp:term":[{"taxonomy":"category","embeddable":true,"href":"https:\/\/zennihost.com\/test\/wp-json\/wp\/v2\/categories?post=46172"},{"taxonomy":"post_tag","embeddable":true,"href":"https:\/\/zennihost.com\/test\/wp-json\/wp\/v2\/tags?post=46172"}],"curies":[{"name":"wp","href":"https:\/\/api.w.org\/{rel}","templated":true}]}}