{"id":46169,"date":"2025-10-13T15:48:20","date_gmt":"2025-10-13T15:48:20","guid":{"rendered":"https:\/\/zennihost.com\/test\/2025\/10\/13\/forumi-i-pare-i-investimeve-be-ballkani-perendimor-do-ngreme-fabrika-ai-ne-rajon-presidentja-e-ke-zbulon-planin-ambicioz\/"},"modified":"2025-10-13T15:48:20","modified_gmt":"2025-10-13T15:48:20","slug":"forumi-i-pare-i-investimeve-be-ballkani-perendimor-do-ngreme-fabrika-ai-ne-rajon-presidentja-e-ke-zbulon-planin-ambicioz","status":"publish","type":"post","link":"https:\/\/zennihost.com\/test\/2025\/10\/13\/forumi-i-pare-i-investimeve-be-ballkani-perendimor-do-ngreme-fabrika-ai-ne-rajon-presidentja-e-ke-zbulon-planin-ambicioz\/","title":{"rendered":"Forumi i Par\u00eb i Investimeve BE \u2013 Ballkani Per\u00ebndimor\/ Do ngrem\u00eb fabrika AI n\u00eb rajon, Presidentja e KE zbulon planin ambicioz"},"content":{"rendered":"<p>Forumi i Par\u00eb i Investimeve BE \u2013 Ballkani Per\u00ebndimor nisi punimet n\u00eb Tiran\u00eb dhe synon t\u00eb forcoj\u00eb bashk\u00ebpunimin ekonomik dhe mund\u00ebsit\u00eb e investimit midis vendeve t\u00eb rajonit dhe shteteve an\u00ebtare t\u00eb unionit.<\/p>\n<p>N\u00eb fjal\u00ebn e saj, Presidentja e Komisionit Evropian, Ursula Von der Leyen, vler\u00ebsoi nga Tirana se forumi \u00ebsht\u00eb nj\u00eb shtys\u00eb tjet\u00ebr p\u00ebr zhvillimin ekonomik t\u00eb rajonit, nd\u00ebrsa zbuloi se KE po planifikon ngritjen e fabrikave me inteligjenc\u00eb artificiale n\u00eb Ballkanin Per\u00ebndimor.<br \/>\n\u201c\u00c7far\u00eb e b\u00ebn kaq t\u00eb ve\u00e7ant\u00eb k\u00ebt\u00eb forum? Nuk \u00ebsht\u00eb vet\u00ebm madh\u00ebsia e investimeve q\u00eb po shpallim. Me k\u00ebto projekte po e sjellim Ballkanin Per\u00ebndimor brenda politik\u00ebs ton\u00eb industriale t\u00eb BE.<\/p>\n<p>Po \u00e7elim disa prej iniciativave thelb\u00ebsore ekonomike tonat p\u00ebr ju dhe dua t\u00eb flas p\u00ebr inteligjenc\u00ebn artificiale, dua t\u00eb flas dhe p\u00ebr integrimin e industrive tuaja n\u00eb tregun ton\u00eb t\u00eb p\u00ebrbashk\u00ebt, ndaj sot po p\u00ebr\u00e7ojm\u00eb nj\u00eb sinjal t\u00eb qart\u00eb sektorit t\u00eb biznesit. Po ngrem\u00eb nj\u00eb rrjet fabrikash t\u00eb AI n\u00eb mbar\u00eb Evrop\u00ebn dhe ne do t\u00eb hapim fabrikat tona t\u00eb AI n\u00eb Ballkanin Per\u00ebndimor.<\/p>\n<p>Do ta nisim me ngritjen e dy fabrikave n\u00eb Maqedonin\u00eb e Veriut dhe n\u00eb Serbi dhe do ta shtrijm\u00eb k\u00ebt\u00eb shtyll\u00eb kurrizore digjitale me shpejt\u00ebsi t\u00eb lart\u00eb n\u00eb t\u00eb gjith\u00eb rajonin dhe kjo do t\u00eb lejoj\u00eb t\u00eb gjitha kompanit\u00eb n\u00eb t\u00eb gjashta vendet partnere n\u00eb t\u00eb gjith\u00eb rajonin, t\u00eb lidhen me k\u00ebto fabrika, q\u00eb do t\u00eb thot\u00eb, fabrikat tuaja do t\u00eb ken\u00eb mund\u00ebsi t\u2019i qasen infrastruktur\u00ebs s\u00eb inteligjenc\u00ebs artificiale evropiane k\u00ebtu, n\u00eb rajon.<\/p>\n<p>Me fjal\u00eb t\u00eb tjera fuqia kompjuterike e Unionit do t\u00eb jet\u00eb n\u00eb sh\u00ebrbimin tuaj, ashtu si\u00e7 dua q\u00eb t\u00eb b\u00ebhet e ardhmja e AI, pra t\u00eb b\u00ebhet n\u00eb Evrop\u00eb, ashtu dua q\u00eb edhe Ballkani Per\u00ebndimor t\u00eb jet\u00eb n\u00eb zem\u00ebr t\u00eb saj\u201d, tha Presidentja e KE.<br \/>\nForumi q\u00eb po mbahet n\u00eb Tiran\u00eb inkurajon dialogun midis investitor\u00ebve t\u00eb r\u00ebnd\u00ebsish\u00ebm, lider\u00ebve politik\u00eb dhe udh\u00ebheq\u00ebsve t\u00eb biznesit, duke v\u00ebn\u00eb theksin te fuqia e investimeve strategjike n\u00eb transformimin ekonomik t\u00eb vendeve.<\/p>\n<p>The post <a href=\"https:\/\/lexo.al\/2025\/10\/forumi-i-pare-i-investimeve-be-ballkani-perendimor-do-ngreme-fabrika-ai-ne-rajon-presidentja-e-ke-zbulon-planin-ambicioz\/\">Forumi i Par\u00eb i Investimeve BE \u2013 Ballkani Per\u00ebndimor\/ Do ngrem\u00eb fabrika AI n\u00eb rajon, Presidentja e KE zbulon planin ambicioz<\/a> appeared first on <a href=\"https:\/\/lexo.al\/\">www.lexo.al<\/a>.<\/p>","protected":false},"excerpt":{"rendered":"<p>Forumi i Par\u00eb i Investimeve BE \u2013 Ballkani Per\u00ebndimor nisi punimet n\u00eb Tiran\u00eb dhe synon t\u00eb forcoj\u00eb bashk\u00ebpunimin ekonomik dhe mund\u00ebsit\u00eb e investimit midis vendeve t\u00eb rajonit dhe shteteve an\u00ebtare t\u00eb unionit. N\u00eb fjal\u00ebn e saj, Presidentja e Komisionit Evropian, Ursula Von der Leyen, vler\u00ebsoi nga Tirana se forumi \u00ebsht\u00eb nj\u00eb shtys\u00eb tjet\u00ebr p\u00ebr zhvillimin [&hellip;]<\/p>\n","protected":false},"author":0,"featured_media":0,"comment_status":"open","ping_status":"open","sticky":false,"template":"","format":"standard","meta":{"footnotes":""},"categories":[1],"tags":[],"class_list":["post-46169","post","type-post","status-publish","format-standard","hentry","category-uncategorized"],"_links":{"self":[{"href":"https:\/\/zennihost.com\/test\/wp-json\/wp\/v2\/posts\/46169","targetHints":{"allow":["GET"]}}],"collection":[{"href":"https:\/\/zennihost.com\/test\/wp-json\/wp\/v2\/posts"}],"about":[{"href":"https:\/\/zennihost.com\/test\/wp-json\/wp\/v2\/types\/post"}],"replies":[{"embeddable":true,"href":"https:\/\/zennihost.com\/test\/wp-json\/wp\/v2\/comments?post=46169"}],"version-history":[{"count":0,"href":"https:\/\/zennihost.com\/test\/wp-json\/wp\/v2\/posts\/46169\/revisions"}],"wp:attachment":[{"href":"https:\/\/zennihost.com\/test\/wp-json\/wp\/v2\/media?parent=46169"}],"wp:term":[{"taxonomy":"category","embeddable":true,"href":"https:\/\/zennihost.com\/test\/wp-json\/wp\/v2\/categories?post=46169"},{"taxonomy":"post_tag","embeddable":true,"href":"https:\/\/zennihost.com\/test\/wp-json\/wp\/v2\/tags?post=46169"}],"curies":[{"name":"wp","href":"https:\/\/api.w.org\/{rel}","templated":true}]}}