{"id":46164,"date":"2025-10-13T15:48:18","date_gmt":"2025-10-13T15:48:18","guid":{"rendered":"https:\/\/zennihost.com\/test\/2025\/10\/13\/greva-e-minatoreve-perplasje-me-policine-ne-minieren-e-spacit\/"},"modified":"2025-10-13T15:48:18","modified_gmt":"2025-10-13T15:48:18","slug":"greva-e-minatoreve-perplasje-me-policine-ne-minieren-e-spacit","status":"publish","type":"post","link":"https:\/\/zennihost.com\/test\/2025\/10\/13\/greva-e-minatoreve-perplasje-me-policine-ne-minieren-e-spacit\/","title":{"rendered":"Greva e minator\u00ebve, p\u00ebrplasje me policin\u00eb n\u00eb minier\u00ebn e Spa\u00e7it"},"content":{"rendered":"<p>Punonj\u00ebsit e minier\u00ebs s\u00eb bakrit n\u00eb Spa\u00e7 e p\u00ebrshkall\u00ebzuan protest\u00ebn t\u00eb h\u00ebn\u00ebn, duke bllokuar hyrjen e kompanis\u00eb koncesionare turke \u201cTete Albania\u201d dhe duke bojkotuar pun\u00ebn p\u00ebr t\u00eb pest\u00ebn dit\u00eb radhazi. Rreth 70 minator\u00eb u grumbulluan n\u00eb or\u00ebt e para t\u00eb m\u00ebngjesit n\u00eb rrug\u00eb dhe m\u00eb pas u p\u00ebrplas\u00ebn me policin\u00eb, e cila shoq\u00ebroi dy nga minator\u00ebt protestues.<\/p>\n<p>Minator\u00ebt k\u00ebrkojn\u00eb njohjen e sindikat\u00ebs s\u00eb krijuar prej tyre dhe n\u00ebnshkrimin e nj\u00eb kontrate kolektive, q\u00eb sipas tyre do t\u00eb garantonte paga t\u00eb drejta dhe kushte t\u00eb sigurta pune. \u201cM\u00eb kan\u00eb zhg\u00ebnjyer me rrog\u00ebn dhe me kushtet. Brenda ligjit dhe kushtetut\u00ebs, ne duam kushte p\u00ebr pun\u00eb\u201d, tha P\u00ebrparim Simoni, minator protestues. Simoni tha se ata k\u00ebrkonin drejt\u00ebsi n\u00eb vendin e pun\u00ebs. \u201cUn\u00eb punoj n\u00ebntok\u00eb prej shum\u00eb vitesh dhe nuk mund t\u00eb rrezikoj jet\u00ebn p\u00ebr 20\u201330 mij\u00eb lek t\u00eb vjetra n\u00eb dit\u00eb. Kemi krijuar sindikat\u00ebn q\u00eb prej muajit gusht dhe k\u00ebta nuk na njohin dhe nuk pranojn\u00eb fare t\u00eb ulen n\u00eb bisedime\u201d, thot\u00eb ai.<\/p>\n<p>Minator\u00ebt thon\u00eb se ata nuk do t\u00eb t\u00ebrhiqen nga k\u00ebrkesat q\u00eb i jan\u00eb b\u00ebr\u00eb kompanis\u00eb. \u201cPagat jan\u00eb t\u00eb ul\u00ebta, \u00ebsht\u00eb turp me e ndi kush. Nuk ka shans t\u00eb t\u00ebrhiqemi deri n\u00eb plot\u00ebsimin e t\u00eb drejtave tona, t\u00eb cilat i kemi paraqitur me shkrim\u201d, u shpreh minatori Fran Nikolli, duke paralajm\u00ebruar vijim t\u00eb protestave.<\/p>\n<p>N\u00eb mb\u00ebshtetje t\u00eb pun\u00ebtor\u00ebve doli Konfederata e Sindikatave t\u00eb Shqip\u00ebris\u00eb (KSSH). Kryetari Kol Nikollaj e quajti sjelljen e kompanis\u00eb \u201ctallje\u201d me punonj\u00ebsit, duke theksuar se e drejta p\u00ebr organizim kolektiv dhe grev\u00eb \u00ebsht\u00eb e mbrojtur nga ligji dhe konventat nd\u00ebrkomb\u00ebtare. \u201cMinator\u00eb, forca juaj \u00ebsht\u00eb bashkimi. Ju jeni bijt\u00eb e tok\u00ebs, ata q\u00eb nxirrni pasurit\u00eb nga n\u00ebntoka, por q\u00eb shpesh trajtoheni padrejt\u00ebsisht n\u00eb drit\u00ebn e diellit. Sot nuk po flisni vet\u00ebm p\u00ebr veten tuaj, por p\u00ebr \u00e7do pun\u00ebtor t\u00eb k\u00ebtij vendi,\u201d tha Nikollaj.<\/p>\n<p>Nga ana tjet\u00ebr, kompania \u201cTete Albania\u201d, p\u00ebrmes Drejtorit t\u00eb P\u00ebrgjithsh\u00ebm Cem Koray Vagci, deklaroi se nuk \u00ebsht\u00eb kund\u00ebr dialogut, por nuk e njeh si p\u00ebrfaq\u00ebsues Kol Nikollajn dhe se sindikata me t\u00eb cil\u00ebn minator\u00ebt po aderojn\u00eb \u201cnuk plot\u00ebson kriteret ligjore\u201d.<br \/>\u201cNe jemi t\u00eb hapur p\u00ebr bisedime me minator\u00ebt dhe k\u00ebt\u00eb ua kemi b\u00ebr\u00eb t\u00eb ditur, por sindikata me t\u00eb cil\u00ebn ata po aderojn\u00eb nuk plot\u00ebson kriteret ligjore. I kemi k\u00ebrkuar t\u00eb plot\u00ebsoj\u00eb dokumentet, por nuk i kan\u00eb sjell\u00eb dhe n\u00eb k\u00ebto kushte nuk mund t\u00eb b\u00ebjm\u00eb bisedime. Pezullimi i pun\u00ebs q\u00eb prej dat\u00ebs 8 tetor po na sjell d\u00ebm ekonomik dhe do t\u00eb ndjekim hapat ligjor\u00eb p\u00ebr k\u00ebt\u00eb \u00e7\u00ebshtje. Nuk \u00ebsht\u00eb aspak e v\u00ebrtet\u00eb q\u00eb pagat dhe kushtet e pun\u00ebs jan\u00eb ashtu si\u00e7 ata pretendojn\u00eb\u201d, tha n\u00eb nj\u00eb bised\u00eb n\u00eb zyr\u00ebn e tij drejtori i p\u00ebrgjithsh\u00ebm Cem Koray Vagci.<\/p>\n<p>N\u00eb mesdit\u00eb policia nd\u00ebrhyri kund\u00ebr protestuesve, duke k\u00ebrkuar t\u00eb lirohej rruga e bllokuar, \u00e7ka solli tensione dhe konfrontime mes pal\u00ebve. Dy minator\u00eb u shoq\u00ebruan n\u00eb komisariat.<\/p>\n<p>Minator\u00ebt than\u00eb se do t\u00eb vazhdojn\u00eb protest\u00ebn derisa k\u00ebrkesat t\u00eb merren n\u00eb konsiderat\u00eb dhe t\u00eb nisin bisedimet formale p\u00ebr kontrat\u00ebn kolektive. Kompania, nd\u00ebrkoh\u00eb, k\u00ebmb\u00ebngul n\u00eb respektimin e procedurave ligjore p\u00ebr njohjen e sindikat\u00ebs p\u00ebrpara \u00e7do negociate. BIRN<\/p>\n<p>The post <a href=\"https:\/\/gijotina.com\/greva-e-minatoreve-perplasje-me-policine-ne-minieren-e-spacit\/\">Greva e minator\u00ebve, p\u00ebrplasje me policin\u00eb n\u00eb minier\u00ebn e Spa\u00e7it<\/a> appeared first on <a href=\"https:\/\/gijotina.com\/\">GIJOTINA<\/a>.<\/p>","protected":false},"excerpt":{"rendered":"<p>Punonj\u00ebsit e minier\u00ebs s\u00eb bakrit n\u00eb Spa\u00e7 e p\u00ebrshkall\u00ebzuan protest\u00ebn t\u00eb h\u00ebn\u00ebn, duke bllokuar hyrjen e kompanis\u00eb koncesionare turke \u201cTete Albania\u201d dhe duke bojkotuar pun\u00ebn p\u00ebr t\u00eb pest\u00ebn dit\u00eb radhazi. Rreth 70 minator\u00eb u grumbulluan n\u00eb or\u00ebt e para t\u00eb m\u00ebngjesit n\u00eb rrug\u00eb dhe m\u00eb pas u p\u00ebrplas\u00ebn me policin\u00eb, e cila shoq\u00ebroi dy nga [&hellip;]<\/p>\n","protected":false},"author":0,"featured_media":0,"comment_status":"open","ping_status":"open","sticky":false,"template":"","format":"standard","meta":{"footnotes":""},"categories":[1],"tags":[],"class_list":["post-46164","post","type-post","status-publish","format-standard","hentry","category-uncategorized"],"_links":{"self":[{"href":"https:\/\/zennihost.com\/test\/wp-json\/wp\/v2\/posts\/46164","targetHints":{"allow":["GET"]}}],"collection":[{"href":"https:\/\/zennihost.com\/test\/wp-json\/wp\/v2\/posts"}],"about":[{"href":"https:\/\/zennihost.com\/test\/wp-json\/wp\/v2\/types\/post"}],"replies":[{"embeddable":true,"href":"https:\/\/zennihost.com\/test\/wp-json\/wp\/v2\/comments?post=46164"}],"version-history":[{"count":0,"href":"https:\/\/zennihost.com\/test\/wp-json\/wp\/v2\/posts\/46164\/revisions"}],"wp:attachment":[{"href":"https:\/\/zennihost.com\/test\/wp-json\/wp\/v2\/media?parent=46164"}],"wp:term":[{"taxonomy":"category","embeddable":true,"href":"https:\/\/zennihost.com\/test\/wp-json\/wp\/v2\/categories?post=46164"},{"taxonomy":"post_tag","embeddable":true,"href":"https:\/\/zennihost.com\/test\/wp-json\/wp\/v2\/tags?post=46164"}],"curies":[{"name":"wp","href":"https:\/\/api.w.org\/{rel}","templated":true}]}}