{"id":46163,"date":"2025-10-13T15:48:18","date_gmt":"2025-10-13T15:48:18","guid":{"rendered":"https:\/\/zennihost.com\/test\/2025\/10\/13\/arrestimi-durres-fshehen-emigrante-ne-kamione-njeri-prej-tyre-kriminel-ne-kerkim-nderkombetar\/"},"modified":"2025-10-13T15:48:18","modified_gmt":"2025-10-13T15:48:18","slug":"arrestimi-durres-fshehen-emigrante-ne-kamione-njeri-prej-tyre-kriminel-ne-kerkim-nderkombetar","status":"publish","type":"post","link":"https:\/\/zennihost.com\/test\/2025\/10\/13\/arrestimi-durres-fshehen-emigrante-ne-kamione-njeri-prej-tyre-kriminel-ne-kerkim-nderkombetar\/","title":{"rendered":"Arrestimi Durr\u00ebs\/ Fsheh\u00ebn emigrant\u00eb n\u00eb kamion\u00eb \u2013 nj\u00ebri prej tyre, kriminel n\u00eb k\u00ebrkim nd\u00ebrkomb\u00ebtar"},"content":{"rendered":"<p>Fsheh\u00ebn n\u00eb kamion\u00ebt q\u00eb drejtonin, 5 shtetas shqiptar\u00eb q\u00eb synonin t\u00eb dilnin ilegalisht jasht\u00eb shtetit, arrestohen 2 shtetas.<\/p>\n<p>Nj\u00ebri prej t\u00eb shtetasve t\u00eb fshehur n\u00eb kamion\u00eb, n\u00eb k\u00ebrkim nd\u00ebrkomb\u00ebtar, i d\u00ebnuar me mbi 7 vjet e gjysm\u00eb burgim, p\u00ebr vjedhje n\u00eb Itali, kryer n\u00eb kuad\u00ebr t\u00eb grupit t\u00eb strukturuar kriminal.<\/p>\n<p>Sekuestrohen kamion\u00ebt, mjete identifikimi dhe celular\u00eb.<\/p>\n<p>Si rezultat i kontrolleve t\u00eb imt\u00ebsishme n\u00eb hyrje\/dalje t\u00eb Republik\u00ebs s\u00eb Shqip\u00ebris\u00eb, ndaj shtetasve dhe mjeteve me t\u00eb cilat ata l\u00ebvizin, si dhe si rezultat i administrimit t\u00eb shpejt\u00eb dhe profesional t\u00eb informacioneve t\u00eb siguruara n\u00eb rrug\u00eb operative, sh\u00ebrbimet e Policis\u00eb Kufitare t\u00eb portit t\u00eb Durr\u00ebsit finalizuan operacionin \u201cRolet\u201d.<\/p>\n<p>N\u00eb kuad\u00ebr t\u00eb operacionit u vun\u00eb n\u00eb pranga shtetasit G. Xh., 48 vje\u00e7 dhe E. B., 45 vje\u00e7, t\u00eb dy banues n\u00eb Tiran\u00eb, pasi n\u00eb kamion\u00ebt q\u00eb drejtonin, n\u00eb dalje t\u00eb Republik\u00ebs s\u00eb Shqip\u00ebris\u00eb, u gjet\u00ebn t\u00eb fshehur 5 shtetas shqiptar\u00eb.<\/p>\n<p>Nga verifikimet e m\u00ebtejshme n\u00eb kuad\u00ebr t\u00eb k\u00ebtij operacioni dhe nga shk\u00ebmbimi i informacionit nd\u00ebrmjet strukturave homologe t\u00eb Interpolit, n\u00eb Tiran\u00eb dhe n\u00eb Rom\u00eb, rezultoi se nj\u00ebri prej 5 shtetasve q\u00eb synonin t\u00eb dilnin ilegalisht jasht\u00eb shtetit, konkretisht shtetasi Indrit Lleshi alias Ibrahim Lleshi, 34 vje\u00e7, i lindur n\u00eb Dib\u00ebr, ishte n\u00eb k\u00ebrkim nd\u00ebrkomb\u00ebtar, sepse Gjykata e Ankon\u00ebs, Itali, n\u00eb vitin 2024, e ka d\u00ebnuar me 7 vjet, 6 muaj e 9 dit\u00eb burgim, p\u00ebr vepr\u00ebn penale \u201cVjedhja\u201d, kryer n\u00eb kuad\u00ebr t\u00eb grupit t\u00eb strukturuar kriminal. 34-vje\u00e7ari u arrestua provizorisht, me q\u00ebllim ekstradimin n\u00eb Itali.<\/p>\n<p>Materialet procedurale iu referuan Prokuroris\u00eb s\u00eb Durr\u00ebsit, p\u00ebr veprime t\u00eb m\u00ebtejshme.<\/p>\n<div class=\"wp-video\"><!--[if lt IE 9]&gt;document.createElement('video');&lt;![endif]--><br \/>\n<a href=\"https:\/\/gijotina.com\/wp-content\/uploads\/2025\/10\/WhatsApp-Video-2025-10-13-at-4.19.05-PM.mp4\">https:\/\/gijotina.com\/wp-content\/uploads\/2025\/10\/WhatsApp-Video-2025-10-13-at-4.19.05-PM.mp4<\/a><\/div>\n<p>The post <a href=\"https:\/\/gijotina.com\/arrestimi-durres-fshehen-emigrante-ne-kamione-njeri-prej-tyre-kriminel-ne-kerkim-nderkombetar\/\">Arrestimi Durr\u00ebs\/ Fsheh\u00ebn emigrant\u00eb n\u00eb kamion\u00eb \u2013 nj\u00ebri prej tyre, kriminel n\u00eb k\u00ebrkim nd\u00ebrkomb\u00ebtar<\/a> appeared first on <a href=\"https:\/\/gijotina.com\/\">GIJOTINA<\/a>.<\/p>","protected":false},"excerpt":{"rendered":"<p>Fsheh\u00ebn n\u00eb kamion\u00ebt q\u00eb drejtonin, 5 shtetas shqiptar\u00eb q\u00eb synonin t\u00eb dilnin ilegalisht jasht\u00eb shtetit, arrestohen 2 shtetas. Nj\u00ebri prej t\u00eb shtetasve t\u00eb fshehur n\u00eb kamion\u00eb, n\u00eb k\u00ebrkim nd\u00ebrkomb\u00ebtar, i d\u00ebnuar me mbi 7 vjet e gjysm\u00eb burgim, p\u00ebr vjedhje n\u00eb Itali, kryer n\u00eb kuad\u00ebr t\u00eb grupit t\u00eb strukturuar kriminal. Sekuestrohen kamion\u00ebt, mjete identifikimi dhe [&hellip;]<\/p>\n","protected":false},"author":0,"featured_media":0,"comment_status":"open","ping_status":"open","sticky":false,"template":"","format":"standard","meta":{"footnotes":""},"categories":[1],"tags":[],"class_list":["post-46163","post","type-post","status-publish","format-standard","hentry","category-uncategorized"],"_links":{"self":[{"href":"https:\/\/zennihost.com\/test\/wp-json\/wp\/v2\/posts\/46163","targetHints":{"allow":["GET"]}}],"collection":[{"href":"https:\/\/zennihost.com\/test\/wp-json\/wp\/v2\/posts"}],"about":[{"href":"https:\/\/zennihost.com\/test\/wp-json\/wp\/v2\/types\/post"}],"replies":[{"embeddable":true,"href":"https:\/\/zennihost.com\/test\/wp-json\/wp\/v2\/comments?post=46163"}],"version-history":[{"count":0,"href":"https:\/\/zennihost.com\/test\/wp-json\/wp\/v2\/posts\/46163\/revisions"}],"wp:attachment":[{"href":"https:\/\/zennihost.com\/test\/wp-json\/wp\/v2\/media?parent=46163"}],"wp:term":[{"taxonomy":"category","embeddable":true,"href":"https:\/\/zennihost.com\/test\/wp-json\/wp\/v2\/categories?post=46163"},{"taxonomy":"post_tag","embeddable":true,"href":"https:\/\/zennihost.com\/test\/wp-json\/wp\/v2\/tags?post=46163"}],"curies":[{"name":"wp","href":"https:\/\/api.w.org\/{rel}","templated":true}]}}