{"id":46161,"date":"2025-10-13T15:48:17","date_gmt":"2025-10-13T15:48:17","guid":{"rendered":"https:\/\/zennihost.com\/test\/2025\/10\/13\/aksion-policor-ne-elbasan-ne-mesin-e-te-shoqeruarve-edhe-biznesmeni-bujar-muca\/"},"modified":"2025-10-13T15:48:17","modified_gmt":"2025-10-13T15:48:17","slug":"aksion-policor-ne-elbasan-ne-mesin-e-te-shoqeruarve-edhe-biznesmeni-bujar-muca","status":"publish","type":"post","link":"https:\/\/zennihost.com\/test\/2025\/10\/13\/aksion-policor-ne-elbasan-ne-mesin-e-te-shoqeruarve-edhe-biznesmeni-bujar-muca\/","title":{"rendered":"Aksion policor n\u00eb Elbasan\/ N\u00eb mesin e t\u00eb shoq\u00ebruarve edhe biznesmeni Bujar Mu\u00e7a"},"content":{"rendered":"<p>Zbulohet emri i nj\u00eb prej t\u00eb shoq\u00ebruarve nga Policia e Elbasanit n\u00eb operacionin e befasish\u00ebm t\u00eb zhvilluar sot n\u00eb af\u00ebrsi t\u00eb fshatit Katund i Ri, zona e Metalurgjikut, pasditen e sotme.<\/p>\n<p>Ai \u00ebsht\u00eb biznesmeni Bujar Mu\u00e7a, pronar i kompanis\u00eb \u201cDelta\u201d.<\/p>\n<p>Mu\u00e7a \u00ebsht\u00eb nj\u00eb em\u00ebr i njohur edhe n\u00eb faktorin politik lokal dhe qendror, pasi ka kandiduar n\u00eb vitin 2017 si deputet p\u00ebr PDIU-n\u00eb n\u00eb zgjedhjet e p\u00ebrgjithshme t\u00eb vitit 2017 ku fitoi mandatin, por m\u00eb pas u dor\u00ebhoq.<\/p>\n<p>Policia zhvilloi pasditen e sotme aksionin e madh p\u00ebr t\u00eb cilin priten detaje dhe emra t\u00eb tjer\u00eb, teksa arrestoi dy eksponent\u00eb t\u00eb bot\u00ebs s\u00eb krimit q\u00eb mbanin arm\u00eb t\u00eb mbushura me fishek n\u00eb fole dhe shoq\u00ebroi disa t\u00eb tjer\u00eb.<\/p>\n<p>The post <a href=\"https:\/\/gijotina.com\/aksion-policor-ne-elbasan-ne-mesin-e-te-shoqeruarve-edhe-biznesmeni-bujar-muca\/\">Aksion policor n\u00eb Elbasan\/ N\u00eb mesin e t\u00eb shoq\u00ebruarve edhe biznesmeni Bujar Mu\u00e7a<\/a> appeared first on <a href=\"https:\/\/gijotina.com\/\">GIJOTINA<\/a>.<\/p>","protected":false},"excerpt":{"rendered":"<p>Zbulohet emri i nj\u00eb prej t\u00eb shoq\u00ebruarve nga Policia e Elbasanit n\u00eb operacionin e befasish\u00ebm t\u00eb zhvilluar sot n\u00eb af\u00ebrsi t\u00eb fshatit Katund i Ri, zona e Metalurgjikut, pasditen e sotme. Ai \u00ebsht\u00eb biznesmeni Bujar Mu\u00e7a, pronar i kompanis\u00eb \u201cDelta\u201d. Mu\u00e7a \u00ebsht\u00eb nj\u00eb em\u00ebr i njohur edhe n\u00eb faktorin politik lokal dhe qendror, pasi ka [&hellip;]<\/p>\n","protected":false},"author":0,"featured_media":0,"comment_status":"open","ping_status":"open","sticky":false,"template":"","format":"standard","meta":{"footnotes":""},"categories":[1],"tags":[],"class_list":["post-46161","post","type-post","status-publish","format-standard","hentry","category-uncategorized"],"_links":{"self":[{"href":"https:\/\/zennihost.com\/test\/wp-json\/wp\/v2\/posts\/46161","targetHints":{"allow":["GET"]}}],"collection":[{"href":"https:\/\/zennihost.com\/test\/wp-json\/wp\/v2\/posts"}],"about":[{"href":"https:\/\/zennihost.com\/test\/wp-json\/wp\/v2\/types\/post"}],"replies":[{"embeddable":true,"href":"https:\/\/zennihost.com\/test\/wp-json\/wp\/v2\/comments?post=46161"}],"version-history":[{"count":0,"href":"https:\/\/zennihost.com\/test\/wp-json\/wp\/v2\/posts\/46161\/revisions"}],"wp:attachment":[{"href":"https:\/\/zennihost.com\/test\/wp-json\/wp\/v2\/media?parent=46161"}],"wp:term":[{"taxonomy":"category","embeddable":true,"href":"https:\/\/zennihost.com\/test\/wp-json\/wp\/v2\/categories?post=46161"},{"taxonomy":"post_tag","embeddable":true,"href":"https:\/\/zennihost.com\/test\/wp-json\/wp\/v2\/tags?post=46161"}],"curies":[{"name":"wp","href":"https:\/\/api.w.org\/{rel}","templated":true}]}}