{"id":46160,"date":"2025-10-13T15:48:17","date_gmt":"2025-10-13T15:48:17","guid":{"rendered":"https:\/\/zennihost.com\/test\/2025\/10\/13\/goditje-e-forte-ne-boten-e-krimit-ne-elbasan-ne-pranga-edhe-maks-lika-shoku-i\/"},"modified":"2025-10-13T15:48:17","modified_gmt":"2025-10-13T15:48:17","slug":"goditje-e-forte-ne-boten-e-krimit-ne-elbasan-ne-pranga-edhe-maks-lika-shoku-i","status":"publish","type":"post","link":"https:\/\/zennihost.com\/test\/2025\/10\/13\/goditje-e-forte-ne-boten-e-krimit-ne-elbasan-ne-pranga-edhe-maks-lika-shoku-i\/","title":{"rendered":"Goditje e fort\u00eb n\u00eb bot\u00ebn e krimit n\u00eb Elbasan, n\u00eb pranga edhe Maks Lika, shoku i \u2026"},"content":{"rendered":"<p>Nj\u00eb operacion policor \u00ebsht\u00eb zhvilluar gjat\u00eb mesdit\u00ebs s\u00eb sotme n\u00eb qytetin e Elbasanit, duke \u00e7uar n\u00eb shoq\u00ebrimin dhe arrestimin e disa personave t\u00eb dyshuar si pjes\u00eb e bot\u00ebs s\u00eb krimit.<\/p>\n<p>Mes t\u00eb shoq\u00ebruarve \u00ebsht\u00eb edhe Maks Lika, i njohur p\u00ebr miq\u00ebsin\u00eb e tij me Emiljano Shullazin.<\/p>\n<p>Sipas burimeve pran\u00eb autoriteteve, operacioni \u00ebsht\u00eb zhvilluar rreth or\u00ebs 15:30 n\u00eb nj\u00eb lokal t\u00eb njohur p\u00ebrgjat\u00eb aksit rrugor Elbasan \u2013 Ish-Metalurgjia, n\u00eb fshatin Katund i Ri. Policia ka nd\u00ebrhyr\u00eb me forca t\u00eb shumta, duke finalizuar arrestimin e t\u00eb pakt\u00ebn dy personave.<\/p>\n<p>The post <a href=\"https:\/\/gijotina.com\/goditje-e-forte-ne-boten-e-krimit-ne-elbasan-ne-pranga-edhe-maks-lika-shoku-i\/\">Goditje e fort\u00eb n\u00eb bot\u00ebn e krimit n\u00eb Elbasan, n\u00eb pranga edhe Maks Lika, shoku i \u2026<\/a> appeared first on <a href=\"https:\/\/gijotina.com\/\">GIJOTINA<\/a>.<\/p>","protected":false},"excerpt":{"rendered":"<p>Nj\u00eb operacion policor \u00ebsht\u00eb zhvilluar gjat\u00eb mesdit\u00ebs s\u00eb sotme n\u00eb qytetin e Elbasanit, duke \u00e7uar n\u00eb shoq\u00ebrimin dhe arrestimin e disa personave t\u00eb dyshuar si pjes\u00eb e bot\u00ebs s\u00eb krimit. Mes t\u00eb shoq\u00ebruarve \u00ebsht\u00eb edhe Maks Lika, i njohur p\u00ebr miq\u00ebsin\u00eb e tij me Emiljano Shullazin. Sipas burimeve pran\u00eb autoriteteve, operacioni \u00ebsht\u00eb zhvilluar rreth or\u00ebs [&hellip;]<\/p>\n","protected":false},"author":0,"featured_media":0,"comment_status":"open","ping_status":"open","sticky":false,"template":"","format":"standard","meta":{"footnotes":""},"categories":[1],"tags":[],"class_list":["post-46160","post","type-post","status-publish","format-standard","hentry","category-uncategorized"],"_links":{"self":[{"href":"https:\/\/zennihost.com\/test\/wp-json\/wp\/v2\/posts\/46160","targetHints":{"allow":["GET"]}}],"collection":[{"href":"https:\/\/zennihost.com\/test\/wp-json\/wp\/v2\/posts"}],"about":[{"href":"https:\/\/zennihost.com\/test\/wp-json\/wp\/v2\/types\/post"}],"replies":[{"embeddable":true,"href":"https:\/\/zennihost.com\/test\/wp-json\/wp\/v2\/comments?post=46160"}],"version-history":[{"count":0,"href":"https:\/\/zennihost.com\/test\/wp-json\/wp\/v2\/posts\/46160\/revisions"}],"wp:attachment":[{"href":"https:\/\/zennihost.com\/test\/wp-json\/wp\/v2\/media?parent=46160"}],"wp:term":[{"taxonomy":"category","embeddable":true,"href":"https:\/\/zennihost.com\/test\/wp-json\/wp\/v2\/categories?post=46160"},{"taxonomy":"post_tag","embeddable":true,"href":"https:\/\/zennihost.com\/test\/wp-json\/wp\/v2\/tags?post=46160"}],"curies":[{"name":"wp","href":"https:\/\/api.w.org\/{rel}","templated":true}]}}