{"id":46159,"date":"2025-10-13T15:48:17","date_gmt":"2025-10-13T15:48:17","guid":{"rendered":"https:\/\/zennihost.com\/test\/2025\/10\/13\/nato-fillon-stervitjen-vjetore-te-parandalimit-berthamor-steadfast-noon\/"},"modified":"2025-10-13T15:48:17","modified_gmt":"2025-10-13T15:48:17","slug":"nato-fillon-stervitjen-vjetore-te-parandalimit-berthamor-steadfast-noon","status":"publish","type":"post","link":"https:\/\/zennihost.com\/test\/2025\/10\/13\/nato-fillon-stervitjen-vjetore-te-parandalimit-berthamor-steadfast-noon\/","title":{"rendered":"NATO fillon st\u00ebrvitjen vjetore t\u00eb parandalimit b\u00ebrthamor \u201cSteadfast Noon\u201d"},"content":{"rendered":"<p>NATO ka filluar st\u00ebrvitjen vjetore t\u00eb parandalimit b\u00ebrthamor \u201cSteadfast Noon\u201d.<\/p>\n<p>St\u00ebrvitja \u00ebsht\u00eb nj\u00eb aktivitet trajnimi rutin\u00eb i planifikuar prej koh\u00ebsh dhe pjes\u00eb e p\u00ebrpjekjeve m\u00eb t\u00eb gjera t\u00eb aleanc\u00ebs p\u00ebr t\u00eb ruajtur gatishm\u00ebrin\u00eb dhe p\u00ebr t\u00eb siguruar transparenc\u00eb rreth pozicionit t\u00eb saj b\u00ebrthamor. Nuk \u00ebsht\u00eb e lidhur me asnj\u00eb ngjarje aktuale bot\u00ebrore dhe nuk p\u00ebrdoren arm\u00eb t\u00eb v\u00ebrteta.<\/p>\n<p>Duke njoftuar st\u00ebrvitjen, Sekretari i P\u00ebrgjithsh\u00ebm i NATO-s, Mark Rutte, tha: \u201cNe duhet ta b\u00ebjm\u00eb k\u00ebt\u00eb sepse na ndihmon t\u00eb sigurohemi q\u00eb parandaluesi yn\u00eb b\u00ebrthamor t\u00eb mbetet sa m\u00eb i besuesh\u00ebm, i sigurt, i mbrojtur dhe efektiv t\u00eb jet\u00eb e mundur.\u201d<\/p>\n<p>Holanda \u00ebsht\u00eb vendi prit\u00ebs p\u00ebr st\u00ebrvitjen Steadfast Noon t\u00eb k\u00ebtij viti.<\/p>\n<p>Baza Ajrore Volkel do t\u00eb jet\u00eb baza kryesore e fokusit, me element\u00eb t\u00eb tjer\u00eb mb\u00ebshtet\u00ebs n\u00eb Baz\u00ebn Ajrore Kleine-Brogel n\u00eb Belgjik\u00eb dhe n\u00eb Forc\u00ebn Ajrore Mbret\u00ebrore Lakenheath n\u00eb Mbret\u00ebrin\u00eb e Bashkuar.<\/p>\n<p>The post <a href=\"https:\/\/gijotina.com\/nato-fillon-stervitjen-vjetore-te-parandalimit-berthamor-steadfast-noon\/\">NATO fillon st\u00ebrvitjen vjetore t\u00eb parandalimit b\u00ebrthamor \u201cSteadfast Noon\u201d<\/a> appeared first on <a href=\"https:\/\/gijotina.com\/\">GIJOTINA<\/a>.<\/p>","protected":false},"excerpt":{"rendered":"<p>NATO ka filluar st\u00ebrvitjen vjetore t\u00eb parandalimit b\u00ebrthamor \u201cSteadfast Noon\u201d. St\u00ebrvitja \u00ebsht\u00eb nj\u00eb aktivitet trajnimi rutin\u00eb i planifikuar prej koh\u00ebsh dhe pjes\u00eb e p\u00ebrpjekjeve m\u00eb t\u00eb gjera t\u00eb aleanc\u00ebs p\u00ebr t\u00eb ruajtur gatishm\u00ebrin\u00eb dhe p\u00ebr t\u00eb siguruar transparenc\u00eb rreth pozicionit t\u00eb saj b\u00ebrthamor. Nuk \u00ebsht\u00eb e lidhur me asnj\u00eb ngjarje aktuale bot\u00ebrore dhe nuk p\u00ebrdoren [&hellip;]<\/p>\n","protected":false},"author":0,"featured_media":0,"comment_status":"open","ping_status":"open","sticky":false,"template":"","format":"standard","meta":{"footnotes":""},"categories":[1],"tags":[],"class_list":["post-46159","post","type-post","status-publish","format-standard","hentry","category-uncategorized"],"_links":{"self":[{"href":"https:\/\/zennihost.com\/test\/wp-json\/wp\/v2\/posts\/46159","targetHints":{"allow":["GET"]}}],"collection":[{"href":"https:\/\/zennihost.com\/test\/wp-json\/wp\/v2\/posts"}],"about":[{"href":"https:\/\/zennihost.com\/test\/wp-json\/wp\/v2\/types\/post"}],"replies":[{"embeddable":true,"href":"https:\/\/zennihost.com\/test\/wp-json\/wp\/v2\/comments?post=46159"}],"version-history":[{"count":0,"href":"https:\/\/zennihost.com\/test\/wp-json\/wp\/v2\/posts\/46159\/revisions"}],"wp:attachment":[{"href":"https:\/\/zennihost.com\/test\/wp-json\/wp\/v2\/media?parent=46159"}],"wp:term":[{"taxonomy":"category","embeddable":true,"href":"https:\/\/zennihost.com\/test\/wp-json\/wp\/v2\/categories?post=46159"},{"taxonomy":"post_tag","embeddable":true,"href":"https:\/\/zennihost.com\/test\/wp-json\/wp\/v2\/tags?post=46159"}],"curies":[{"name":"wp","href":"https:\/\/api.w.org\/{rel}","templated":true}]}}